{"id":161974,"date":"2020-04-03T07:31:54","date_gmt":"2020-04-03T10:31:54","guid":{"rendered":"http:\/\/www.caririemacao.com\/1\/?p=161974"},"modified":"2020-04-03T07:31:56","modified_gmt":"2020-04-03T10:31:56","slug":"enem-digital-sera-aplicado-em-11-e-18-de-outubro-e-o-impresso-1o-e-8-de-novembro","status":"publish","type":"post","link":"https:\/\/www.caririemacao.com\/1\/2020\/04\/03\/enem-digital-sera-aplicado-em-11-e-18-de-outubro-e-o-impresso-1o-e-8-de-novembro\/","title":{"rendered":"Enem digital ser\u00e1 aplicado em 11 e 18 de outubro e o impresso, 1\u00ba e 8 de novembro"},"content":{"rendered":"\n<p>As provas do Exame Nacional do Ensino M\u00e9dio (Enem) 2020 ser\u00e3o aplicadas em 11 e 18 de outubro, na vers\u00e3o digital, e 1\u00ba e 8 de novembro, impressa. As inscri\u00e7\u00f5es para ambas dever\u00e3o ser realizadas de 11 a 22 de maio.<\/p>\n\n\n\n<p>O Instituto Nacional de Estudos e Pesquisas Educacionais An\u00edsio Teixeira (Inep), vinculado ao Minist\u00e9rio da Educa\u00e7\u00e3o (MEC) e respons\u00e1vel pela aplica\u00e7\u00e3o do exame, publicou os dois editais (<a href=\"http:\/\/www.in.gov.br\/web\/dou\/-\/edital-n-27-de-30-de-marco-de-2020exame-nacional-do-ensino-medio-enem-2020-digital-250467799?inheritRedirect=true&amp;redirect=%2Fweb%2Fguest%2Fsearch%3FqSearch%3DEnem\" target=\"_blank\" rel=\"noreferrer noopener\">aqui<\/a>&nbsp;e&nbsp;<a href=\"http:\/\/www.in.gov.br\/web\/dou\/-\/edital-n-25-de-30-de-marco-de-2020exame-nacional-do-ensino-medio-enem-2020-impresso-250463829?inheritRedirect=true&amp;redirect=%2Fweb%2Fguest%2Fsearch%3FqSearch%3DEnem\" target=\"_blank\" rel=\"noreferrer noopener\">aqui<\/a>) na edi\u00e7\u00e3o desta ter\u00e7a-feira, 31 de mar\u00e7o, do&nbsp;<em>Di\u00e1rio Oficial da Uni\u00e3o<\/em>&nbsp;(DOU). O do Enem Digital saiu com as datas de prova erradas e ser\u00e1 retificado.<\/p>\n\n\n\n<p>As inscri\u00e7\u00f5es podem ser realizadas na&nbsp;<a href=\"https:\/\/enem.inep.gov.br\/participante\/#!\/\" target=\"_blank\" rel=\"noreferrer noopener\">P\u00e1gina do Participante<\/a>, no site do exame, ou no aplicativo Enem. O participante que optar por fazer o Enem 2020 impresso n\u00e3o poder\u00e1 se inscrever na edi\u00e7\u00e3o digital. Ap\u00f3s concluir o processo, o candidato n\u00e3o poder\u00e1 alterar a op\u00e7\u00e3o que escolher.<\/p>\n\n\n\n<p>O valor da taxa de inscri\u00e7\u00e3o permaneceu o mesmo da edi\u00e7\u00e3o de 2019: R$ 85, que dever\u00e1 ser pago at\u00e9 28 de maio, por meio de Guia de Recolhimento da Uni\u00e3o (GRU) em qualquer banco, casa lot\u00e9rica ou ag\u00eancia dos Correios. Neste ano, ser\u00e1 obrigat\u00f3ria a inclus\u00e3o de foto atual do participante no sistema de inscri\u00e7\u00e3o, que poder\u00e1 ser utilizada para procedimento de identifica\u00e7\u00e3o.<\/p>\n\n\n\n<p>A estrutura do exame n\u00e3o foi alterada. Ser\u00e1 mantida a aplica\u00e7\u00e3o de quatro provas objetivas, constitu\u00eddas por 45 quest\u00f5es cada, e uma reda\u00e7\u00e3o em l\u00edngua portuguesa. Durante o processo de inscri\u00e7\u00e3o, o participante dever\u00e1 selecionar uma op\u00e7\u00e3o de l\u00edngua estrangeira (ingl\u00eas ou espanhol).<\/p>\n\n\n\n<p><strong>Enem Digital \u2013<\/strong>&nbsp;A implanta\u00e7\u00e3o do Enem digital ter\u00e1 in\u00edcio neste ano, de forma progressiva. No primeiro ano do projeto, at\u00e9 100 mil pessoas poder\u00e3o fazer a prova no novo modelo. A previs\u00e3o \u00e9 que a consolida\u00e7\u00e3o da prova digital seja feita at\u00e9 2026.<\/p>\n\n\n\n<p>Ser\u00e3o disponibilizadas 100 mil inscri\u00e7\u00f5es para os primeiros participantes que optarem pela edi\u00e7\u00e3o digital. A estrutura do exame ser\u00e1 igual \u00e0 da vers\u00e3o impressa.<\/p>\n\n\n\n<p><strong>Isen\u00e7\u00e3o \u2013<\/strong>&nbsp;Os estudantes que se enquadrarem em um dos tr\u00eas perfis para solicita\u00e7\u00e3o de isen\u00e7\u00e3o da taxa poder\u00e3o requisitar o benef\u00edcio a partir de 6 de abril. Podem solicitar a isen\u00e7\u00e3o:<\/p>\n\n\n\n<ul class=\"wp-block-list\"><li>quem cursar a \u00faltima s\u00e9rie do ensino m\u00e9dio em 2020 em escola da rede p\u00fablica declarada ao Censo Escolar;<\/li><\/ul>\n\n\n\n<ul class=\"wp-block-list\"><li>quem tiver cursado todo o ensino m\u00e9dio em escola da rede p\u00fablica ou como bolsista integral na rede privada, al\u00e9m de ter renda, por pessoa, igual ou menor que um sal\u00e1rio m\u00ednimo e meio;<\/li><li>quem estiver em situa\u00e7\u00e3o de vulnerabilidade socioecon\u00f4mica por ser membro de fam\u00edlia de baixa renda, devendo informar o N\u00famero de Identifica\u00e7\u00e3o Social (NIS), \u00fanico e v\u00e1lido, al\u00e9m de ter renda familiar por pessoa de at\u00e9 meio sal\u00e1rio m\u00ednimo ou renda familiar mensal de at\u00e9 tr\u00eas sal\u00e1rios m\u00ednimos.<\/li><\/ul>\n\n\n\n<p>Os participantes que solicitaram isen\u00e7\u00e3o em 2019, n\u00e3o realizaram os dois dias de prova e querem solicitar a isen\u00e7\u00e3o para 2020 devem fazer a justificativa de aus\u00eancia. As respostas dos pedidos t\u00eam previs\u00e3o de divulga\u00e7\u00e3o em 24 de abril. Posteriormente, ser\u00e1 aberto prazo para apresenta\u00e7\u00e3o de recursos, entre 27 de abril e 1\u00ba de maio, e os resultados finais estar\u00e3o dispon\u00edveis em 7 de maio.<\/p>\n\n\n\n<p>A aprova\u00e7\u00e3o da justificativa de aus\u00eancia no Enem 2019 e da solicita\u00e7\u00e3o de isen\u00e7\u00e3o da taxa de inscri\u00e7\u00e3o para o Enem 2020 n\u00e3o significa que a inscri\u00e7\u00e3o foi realizada. Se os pedidos forem negados, o participante tem direito a recorrer da decis\u00e3o entre 27 de abril e 1\u00ba de maio. As regras valem para a vers\u00e3o impressa ou digital.<\/p>\n\n\n\n<p><strong>Acessibilidade \u2013<\/strong>&nbsp;O Enem 2020, com base na Pol\u00edtica de Acessibilidade e Inclus\u00e3o do Inep, garantir\u00e1 o atendimento especializado a quem precisar. Nesses casos, as solicita\u00e7\u00f5es dever\u00e3o ser feitas entre 11 e 22 de maio, mesmo per\u00edodo da inscri\u00e7\u00e3o, no Sistema Enem.<\/p>\n\n\n\n<p>As respostas ser\u00e3o divulgadas em 29 de maio. Para os pedidos que forem negados, est\u00e1 prevista uma fase para apresenta\u00e7\u00e3o de recursos. O resultado final estar\u00e1 dispon\u00edvel em 10 de junho.<\/p>\n\n\n\n<p>Neste ano, para facilitar a compreens\u00e3o dos participantes, os atendimentos espec\u00edficos (gestantes, lactantes, idosos e estudantes em classe hospitalar) foram inclu\u00eddos na denomina\u00e7\u00e3o \u201cespecializado\u201d.<\/p>\n\n\n\n<p>Os pedidos de tratamento por nome social dever\u00e3o ser feitos entre 25 e 29 de maio pelo mesmo sistema, com previs\u00e3o de divulga\u00e7\u00e3o das respostas em 5 de junho; per\u00edodo para apresenta\u00e7\u00e3o de recursos entre 8 e 12 de junho e disponibiliza\u00e7\u00e3o dos resultados finais em 18 de junho.<\/p>\n\n\n\n<p><em>Assessoria de Comunica\u00e7\u00e3o Social, com informa\u00e7\u00f5es do Inep<\/em><\/p>\n","protected":false},"excerpt":{"rendered":"<p>As provas do Exame Nacional do Ensino M\u00e9dio (Enem) 2020 ser\u00e3o aplicadas em 11 e 18 de outubro, na vers\u00e3o digital, e 1\u00ba e 8&hellip; <\/p>\n","protected":false},"author":2,"featured_media":161975,"comment_status":"closed","ping_status":"closed","sticky":false,"template":"","format":"standard","meta":{"sfsi_plus_gutenberg_text_before_share":"","sfsi_plus_gutenberg_show_text_before_share":"","sfsi_plus_gutenberg_icon_type":"","sfsi_plus_gutenberg_icon_alignemt":"","sfsi_plus_gutenburg_max_per_row":"","footnotes":""},"categories":[50,14],"tags":[],"class_list":["post-161974","post","type-post","status-publish","format-standard","has-post-thumbnail","hentry","category-destaque","category-educacao"],"_links":{"self":[{"href":"https:\/\/www.caririemacao.com\/1\/wp-json\/wp\/v2\/posts\/161974","targetHints":{"allow":["GET"]}}],"collection":[{"href":"https:\/\/www.caririemacao.com\/1\/wp-json\/wp\/v2\/posts"}],"about":[{"href":"https:\/\/www.caririemacao.com\/1\/wp-json\/wp\/v2\/types\/post"}],"author":[{"embeddable":true,"href":"https:\/\/www.caririemacao.com\/1\/wp-json\/wp\/v2\/users\/2"}],"replies":[{"embeddable":true,"href":"https:\/\/www.caririemacao.com\/1\/wp-json\/wp\/v2\/comments?post=161974"}],"version-history":[{"count":1,"href":"https:\/\/www.caririemacao.com\/1\/wp-json\/wp\/v2\/posts\/161974\/revisions"}],"predecessor-version":[{"id":161976,"href":"https:\/\/www.caririemacao.com\/1\/wp-json\/wp\/v2\/posts\/161974\/revisions\/161976"}],"wp:featuredmedia":[{"embeddable":true,"href":"https:\/\/www.caririemacao.com\/1\/wp-json\/wp\/v2\/media\/161975"}],"wp:attachment":[{"href":"https:\/\/www.caririemacao.com\/1\/wp-json\/wp\/v2\/media?parent=161974"}],"wp:term":[{"taxonomy":"category","embeddable":true,"href":"https:\/\/www.caririemacao.com\/1\/wp-json\/wp\/v2\/categories?post=161974"},{"taxonomy":"post_tag","embeddable":true,"href":"https:\/\/www.caririemacao.com\/1\/wp-json\/wp\/v2\/tags?post=161974"}],"curies":[{"name":"wp","href":"https:\/\/api.w.org\/{rel}","templated":true}]}}