{"id":161979,"date":"2020-04-03T07:33:02","date_gmt":"2020-04-03T10:33:02","guid":{"rendered":"http:\/\/www.caririemacao.com\/1\/?p=161979"},"modified":"2020-04-03T07:33:03","modified_gmt":"2020-04-03T10:33:03","slug":"famup-pede-que-prefeituras-paraibanas-nao-distribuam-peixes-na-semana-santa","status":"publish","type":"post","link":"https:\/\/www.caririemacao.com\/1\/2020\/04\/03\/famup-pede-que-prefeituras-paraibanas-nao-distribuam-peixes-na-semana-santa\/","title":{"rendered":"Famup pede que Prefeituras paraibanas n\u00e3o distribuam peixes na Semana Santa"},"content":{"rendered":"\n<p>A Federa\u00e7\u00e3o das Associa\u00e7\u00f5es de Munic\u00edpios da Para\u00edba (Famup) recomendou, por meio de nota, que os gestores paraibanos que n\u00e3o distribuam peixes na Semana Santa \u2013 a\u00e7\u00e3o realizada tradicionalmente pelas Prefeitura \u2013 como forma de evitar o cont\u00e1gio do novo Coronav\u00edrus.<\/p>\n\n\n\n<p>\u201cA aglomera\u00e7\u00e3o dos beneficiados poder\u00e1 seguir na contram\u00e3o das medidas de isolamento social, possibilitando o aumento do cont\u00e1gio\u201d, diz o comunicado assinado pelo presidente da entidade, George Coelho.<\/p>\n\n\n\n<p>O comunicado tamb\u00e9m pede o empenho das Prefeituras para o combate do Coronav\u00edrus, com medidas que duras, a exemplo do isolamento social. \u201cUma medida dura, embora necess\u00e1ria, para que os mun\u00edcipes n\u00e3o sofram com uma situa\u00e7\u00e3o ca\u00f3tica\u201d.<\/p>\n\n\n\n<p><em>Confira o informativo na \u00edntegra:<\/em><\/p>\n\n\n\n<figure class=\"wp-block-image\"><img decoding=\"async\" data-src=\"http:\/\/paraibadebate.com.br\/wp-content\/uploads\/2020\/03\/image-6.png\" alt=\"\" class=\"wp-image-108498 lazyload\" src=\"data:image\/svg+xml;base64,PHN2ZyB3aWR0aD0iMSIgaGVpZ2h0PSIxIiB4bWxucz0iaHR0cDovL3d3dy53My5vcmcvMjAwMC9zdmciPjwvc3ZnPg==\" \/><\/figure>\n","protected":false},"excerpt":{"rendered":"<p>A Federa\u00e7\u00e3o das Associa\u00e7\u00f5es de Munic\u00edpios da Para\u00edba (Famup) recomendou, por meio de nota, que os gestores paraibanos que n\u00e3o distribuam peixes na Semana Santa&hellip; <\/p>\n","protected":false},"author":2,"featured_media":161980,"comment_status":"closed","ping_status":"closed","sticky":false,"template":"","format":"standard","meta":{"sfsi_plus_gutenberg_text_before_share":"","sfsi_plus_gutenberg_show_text_before_share":"","sfsi_plus_gutenberg_icon_type":"","sfsi_plus_gutenberg_icon_alignemt":"","sfsi_plus_gutenburg_max_per_row":"","footnotes":""},"categories":[6],"tags":[],"class_list":["post-161979","post","type-post","status-publish","format-standard","has-post-thumbnail","hentry","category-cidades"],"_links":{"self":[{"href":"https:\/\/www.caririemacao.com\/1\/wp-json\/wp\/v2\/posts\/161979","targetHints":{"allow":["GET"]}}],"collection":[{"href":"https:\/\/www.caririemacao.com\/1\/wp-json\/wp\/v2\/posts"}],"about":[{"href":"https:\/\/www.caririemacao.com\/1\/wp-json\/wp\/v2\/types\/post"}],"author":[{"embeddable":true,"href":"https:\/\/www.caririemacao.com\/1\/wp-json\/wp\/v2\/users\/2"}],"replies":[{"embeddable":true,"href":"https:\/\/www.caririemacao.com\/1\/wp-json\/wp\/v2\/comments?post=161979"}],"version-history":[{"count":1,"href":"https:\/\/www.caririemacao.com\/1\/wp-json\/wp\/v2\/posts\/161979\/revisions"}],"predecessor-version":[{"id":161981,"href":"https:\/\/www.caririemacao.com\/1\/wp-json\/wp\/v2\/posts\/161979\/revisions\/161981"}],"wp:featuredmedia":[{"embeddable":true,"href":"https:\/\/www.caririemacao.com\/1\/wp-json\/wp\/v2\/media\/161980"}],"wp:attachment":[{"href":"https:\/\/www.caririemacao.com\/1\/wp-json\/wp\/v2\/media?parent=161979"}],"wp:term":[{"taxonomy":"category","embeddable":true,"href":"https:\/\/www.caririemacao.com\/1\/wp-json\/wp\/v2\/categories?post=161979"},{"taxonomy":"post_tag","embeddable":true,"href":"https:\/\/www.caririemacao.com\/1\/wp-json\/wp\/v2\/tags?post=161979"}],"curies":[{"name":"wp","href":"https:\/\/api.w.org\/{rel}","templated":true}]}}