{"id":161984,"date":"2020-04-03T08:15:09","date_gmt":"2020-04-03T11:15:09","guid":{"rendered":"http:\/\/www.caririemacao.com\/1\/?p=161984"},"modified":"2020-04-03T08:15:11","modified_gmt":"2020-04-03T11:15:11","slug":"radio-em-sume-apresenta-programa-que-reune-conhecimento-da-roca-com-da-academia","status":"publish","type":"post","link":"https:\/\/www.caririemacao.com\/1\/2020\/04\/03\/radio-em-sume-apresenta-programa-que-reune-conhecimento-da-roca-com-da-academia\/","title":{"rendered":"R\u00e1dio em Sum\u00e9 apresenta programa que re\u00fane conhecimento da ro\u00e7a com da academia"},"content":{"rendered":"\n<p>No interior da Para\u00edba, quem nunca pisou num sistema agroflorestal pode conhecer agroecologia atrav\u00e9s do r\u00e1dio. No munic\u00edpio de Sum\u00e9, o programa Matutando Solos e Agroecologia consegue reunir entrevistas com agricultores direto do ro\u00e7ado com conhecimento sobre produ\u00e7\u00e3o rural trabalhado em universidades.<\/p>\n\n\n\n<p>Maicon Catingueiro, cordelista e um dos apresentadores do programa, conta por meio de versos a experi\u00eancia proposta pelo programa:<br><br><em>&#8220;No cariri paraibano, tem um programa nota 10<br>&nbsp;Que&nbsp;prima pelo vi\u00e9s de formar o ser humano<br>&nbsp;J\u00e1 s\u00e3o mais de sete anos presentes no dia a dia<br>&nbsp;Informa\u00e7\u00e3o e poesia \u00e9 o que vive a divulgar<br>&nbsp;Eu agora vou falar do Matutando Agroecologia<br><br>&nbsp;Matutamos sobre a ro\u00e7a, matutamos sobre a luta<br>&nbsp;Uma experi\u00eancia diferente, com linguagem bem matuta<br>&nbsp;Direcionado ao campon\u00eas<br>&nbsp;E&nbsp;ele por sua vez se faz presente na escuta&nbsp;&nbsp;<br><br>&nbsp;Se faz presente na escuta quando n\u00e3o vem apresentar<br>&nbsp;Os camponeses no programa \u00e9 algo espetacular<br>&nbsp;Facilita a comunica\u00e7\u00e3o e traz para o nosso sert\u00e3o um jeito novo de comunicar&nbsp;<br><br>Comunicar o meio ambiente, comunicar a produ\u00e7\u00e3o&nbsp;<br>Comunicar o semi\u00e1rido e a sua transi\u00e7\u00e3o<br>Com bases na agroecologia<br>E os passos que no dia a dia nos leva a transforma\u00e7\u00e3o<br><br>Quem sintonizar no Matutando vai poder acompanhar<br>Informa\u00e7\u00e3o de qualidade com cultura popular&nbsp;<br>Forr\u00f3, verso, poesia, bai\u00e3o, receita, cantoria&nbsp;<br>Chega para c\u00e1 matutar!&#8221;&nbsp;&nbsp;<\/em><br><br>O Matutando Solos e Agroecologia&nbsp;surgiu de um di\u00e1logo na Associa\u00e7\u00e3o de Produtores Agroecol\u00f3gicos de Sum\u00e9, em 2010. Agricultoras e agricultores agroecol\u00f3gicos do munic\u00edpio sugeriram um espa\u00e7o para que pudesse trocar saberes e fortalecer o movimento agroecol\u00f3gico na regi\u00e3o.&nbsp;A partir do pedido, a professora Adriana Meira tocou em frente a ideia de juntar o campo e a academia na mesma frequ\u00eancia radiof\u00f4nica.<\/p>\n\n\n\n<p>O programa Matutando Solos e Agroecologia est\u00e1 perto de completar uma d\u00e9cada, sendo uma realiza\u00e7\u00e3o do Programa de A\u00e7\u00f5es Sustent\u00e1veis para o Cariri (Pascar) do Centro de Desenvolvimento Sustent\u00e1vel do Semi\u00e1rido da Universidade Federal de Campina Grande (UFCG).<\/p>\n\n\n\n<p>\u201cO programa Matutando Solos e Agroecologia \u00e9 uma proposta de Educomunica\u00e7\u00e3o, que surgiu em 2011 em fun\u00e7\u00e3o da falta de um programa direcionado ao povo campon\u00eas. \u00c9 um programa que objetiva trazer de forma simples as informa\u00e7\u00f5es sobre o manejo agroecol\u00f3gico dos solos, as pr\u00e1ticas conservacionistas para a conserva\u00e7\u00e3o da sa\u00fade, qualidade e fertilidade dos solos, aproximando o povo campon\u00eas das informa\u00e7\u00f5es geradas pelos institutos de pesquisa e pela academia\u201d, pontua Adriana.&nbsp;<\/p>\n\n\n\n<blockquote class=\"wp-block-quote is-layout-flow wp-block-quote-is-layout-flow\"><p><strong>A comunica\u00e7\u00e3o precisa ser um direito e atrav\u00e9s do Matutando Solos e Agroecologia conseguimos fortalecer esse debate<\/strong>&nbsp;<\/p><\/blockquote>\n\n\n\n<p><br>O programa vai ao ar das 12h30 \u00e0s 13h e conta com a apresenta\u00e7\u00e3o de discentes da UFCG. A dupla Rayana Minervino e Maicon Catingueiro conversa&nbsp;com camponeses, extensionistas e l\u00edderes comunit\u00e1rios na proposta de girar saberes agroecol\u00f3gicos na regi\u00e3o. Cada edi\u00e7\u00e3o conta ainda com versos e dicas de receitas. Por um lado, os temas s\u00e3o escolhidos pelas pessoas do campo, considerando suas realidades e propostas de debates. Mas, por outro, a professora Adriana tamb\u00e9m refor\u00e7a a import\u00e2ncia do programa para quem est\u00e1 na academia.&nbsp;<br><br>\u201cH\u00e1 o momento em que os estudantes que fazem o programa Matutando Solos e Agroecologia v\u00e3o \u00e0s feiras, comunidades, associa\u00e7\u00f5es, participam das reuni\u00f5es dos conselhos e vivenciam essa realidade, em que os temas que s\u00e3o veiculados s\u00e3o demandados pelos pr\u00f3prios agricultores e agricultoras ouvintes do nosso programa\u201d, destaca.&nbsp;<br><br>Al\u00e9m de apresentar o programa, Maicon Catingueiro \u00e9 aluno de Agroecologia. Ele destaca que a iniciativa tamb\u00e9m refor\u00e7a a import\u00e2ncia do direito \u00e0 comunica\u00e7\u00e3o como proposta de troca de saberes para a&nbsp;constru\u00e7\u00e3o do conhecimento agroecol\u00f3gico.&nbsp;<\/p>\n\n\n\n<p>\u201cA comunica\u00e7\u00e3o precisa ser um direito e atrav\u00e9s do Matutando Agroecologia conseguimos fortalecer esse debate, socializar essa ideia entre todos que est\u00e3o diretamente ou indiretamente contribuindo com o nosso programa\u201d. &nbsp; &nbsp;<br><br>A emissora que transmite o Matutando Solos e Agroecologia \u00e9 a R\u00e1dio Cidade Sum\u00e9 FM. Para quem desejar acompanhar o programa dominical, outro caminho \u00e9 a transmiss\u00e3o ao vivo atrav\u00e9s da live do Facebook. O caminho para acompanhar o Matutando na internet&nbsp;\u00e9 a transmiss\u00e3o pelo perfil da&nbsp;<a href=\"https:\/\/www.facebook.com\/radiosume\/?__tn__=%2Cd%2CP-R&amp;eid=ARDslvfQdsX77sRhLvpcgxe1wNnLW8XwRphArmD4jnhj5TjjmEFnEysdZqkUOH7ee8vxE1HpFMJRXtzt\">Radio Cidade Sum\u00e9<\/a>.<\/p>\n\n\n\n<p>Edi\u00e7\u00e3o: Lucas Weber<\/p>\n","protected":false},"excerpt":{"rendered":"<p>No interior da Para\u00edba, quem nunca pisou num sistema agroflorestal pode conhecer agroecologia atrav\u00e9s do r\u00e1dio. No munic\u00edpio de Sum\u00e9, o programa Matutando Solos e&hellip; <\/p>\n","protected":false},"author":1,"featured_media":161985,"comment_status":"closed","ping_status":"closed","sticky":false,"template":"","format":"standard","meta":{"sfsi_plus_gutenberg_text_before_share":"","sfsi_plus_gutenberg_show_text_before_share":"","sfsi_plus_gutenberg_icon_type":"","sfsi_plus_gutenberg_icon_alignemt":"","sfsi_plus_gutenburg_max_per_row":"","footnotes":""},"categories":[6,50],"tags":[],"class_list":["post-161984","post","type-post","status-publish","format-standard","has-post-thumbnail","hentry","category-cidades","category-destaque"],"_links":{"self":[{"href":"https:\/\/www.caririemacao.com\/1\/wp-json\/wp\/v2\/posts\/161984","targetHints":{"allow":["GET"]}}],"collection":[{"href":"https:\/\/www.caririemacao.com\/1\/wp-json\/wp\/v2\/posts"}],"about":[{"href":"https:\/\/www.caririemacao.com\/1\/wp-json\/wp\/v2\/types\/post"}],"author":[{"embeddable":true,"href":"https:\/\/www.caririemacao.com\/1\/wp-json\/wp\/v2\/users\/1"}],"replies":[{"embeddable":true,"href":"https:\/\/www.caririemacao.com\/1\/wp-json\/wp\/v2\/comments?post=161984"}],"version-history":[{"count":1,"href":"https:\/\/www.caririemacao.com\/1\/wp-json\/wp\/v2\/posts\/161984\/revisions"}],"predecessor-version":[{"id":161986,"href":"https:\/\/www.caririemacao.com\/1\/wp-json\/wp\/v2\/posts\/161984\/revisions\/161986"}],"wp:featuredmedia":[{"embeddable":true,"href":"https:\/\/www.caririemacao.com\/1\/wp-json\/wp\/v2\/media\/161985"}],"wp:attachment":[{"href":"https:\/\/www.caririemacao.com\/1\/wp-json\/wp\/v2\/media?parent=161984"}],"wp:term":[{"taxonomy":"category","embeddable":true,"href":"https:\/\/www.caririemacao.com\/1\/wp-json\/wp\/v2\/categories?post=161984"},{"taxonomy":"post_tag","embeddable":true,"href":"https:\/\/www.caririemacao.com\/1\/wp-json\/wp\/v2\/tags?post=161984"}],"curies":[{"name":"wp","href":"https:\/\/api.w.org\/{rel}","templated":true}]}}