{"id":161988,"date":"2020-04-03T08:37:58","date_gmt":"2020-04-03T11:37:58","guid":{"rendered":"http:\/\/www.caririemacao.com\/1\/?p=161988"},"modified":"2020-04-03T08:38:00","modified_gmt":"2020-04-03T11:38:00","slug":"bolsonaro-anuncia-dia-de-jejum-religioso-contra-coronavirus","status":"publish","type":"post","link":"https:\/\/www.caririemacao.com\/1\/2020\/04\/03\/bolsonaro-anuncia-dia-de-jejum-religioso-contra-coronavirus\/","title":{"rendered":"Bolsonaro anuncia dia de jejum religioso contra coronav\u00edrus"},"content":{"rendered":"\n<p>O presidente Jair Bolsonaro afirmou que far\u00e1 um chamado nacional de jejum religioso para que o pa\u00eds \u201cfique livre desse mal\u201d, em refer\u00eancia \u00e0 pandemia do novo coronav\u00edrus.<\/p>\n\n\n\n<p>\u201cA gente vai junto com pastores e religiosos anunciar para pedir um dia de jejum ao povo brasileiro em nome de que o Brasil fique livre desse mal o mais r\u00e1pido poss\u00edvel\u201d, disse o presidente na noite desta quinta-feira (2) em entrevista \u00e0 r\u00e1dio Jovem Pan.<\/p>\n\n\n\n<p>Mais cedo, na entrada do Pal\u00e1cio da Alvorada, o presidente conversou com pastores evang\u00e9licos e indicou que o jejum poderia ser convocado neste domingo (5).<\/p>\n\n\n\n<p>O Brasil j\u00e1 registra ao menos 299 mortes pelo novo coronav\u00edrus, segundo dados do Minist\u00e9rio da Sa\u00fade divulgados nesta quinta-feira (2).<\/p>\n\n\n\n<p>Foram 58 novas mortes confirmadas nas \u00faltimas 24 horas, o maior volume registrado desde o in\u00edcio da emerg\u00eancia pela Covid-19.<\/p>\n\n\n\n<p>Na mesma entrevista, Bolsonaro reconheceu que ainda n\u00e3o tem apoio popular suficiente para determinar uma reabertura da atividade comercial no pa\u00eds.<\/p>\n\n\n\n<p>\u201cEu estou esperando o povo pedir mais, porque o que eu tenho de base de apoio s\u00e3o alguns parlamentares. Tudo bem, n\u00e3o \u00e9 maioria, mas tenho o povo do nosso lado. Eu s\u00f3 posso posso tomar certas decis\u00f5es com o povo estando comigo\u201d, afirmou.<\/p>\n\n\n\n<p>O presidente defendeu que, a partir da pr\u00f3xima segunda-feira (6), estados e munic\u00edpios determinem uma reabertura gradual da atividade comercial, evitando um aumento no desemprego.<\/p>\n\n\n\n<p>Ele ressaltou que j\u00e1 tem pronto em sua mesa um modelo de proposta para determinar que os estabelecimentos comerciais sejam considerados uma atividade essencial durante a pandemia do coronav\u00edrus.<\/p>\n\n\n\n<p>\u201cEu tenho um projeto de decreto pronto na minha frente para ser assinado, se preciso for, considerando atividade essencial toda aquela exercida pelo homem e pela mulher atrav\u00e9s da qual seja indispens\u00e1vel para levar o p\u00e3o para a casa todo dia\u201d, disse.<\/p>\n\n\n\n<p>O presidente ressaltou, no entanto, que tem sofrido amea\u00e7as para n\u00e3o assin\u00e1-la, entre elas at\u00e9 mesmo a abertura de um processo de impeachment no Legislativo. Ele n\u00e3o especificou, no entanto, quem o tem amea\u00e7ado.<\/p>\n","protected":false},"excerpt":{"rendered":"<p>O presidente Jair Bolsonaro afirmou que far\u00e1 um chamado nacional de jejum religioso para que o pa\u00eds \u201cfique livre desse mal\u201d, em refer\u00eancia \u00e0 pandemia&hellip; <\/p>\n","protected":false},"author":2,"featured_media":153822,"comment_status":"closed","ping_status":"closed","sticky":false,"template":"","format":"standard","meta":{"sfsi_plus_gutenberg_text_before_share":"","sfsi_plus_gutenberg_show_text_before_share":"","sfsi_plus_gutenberg_icon_type":"","sfsi_plus_gutenberg_icon_alignemt":"","sfsi_plus_gutenburg_max_per_row":"","footnotes":""},"categories":[11],"tags":[],"class_list":["post-161988","post","type-post","status-publish","format-standard","has-post-thumbnail","hentry","category-politica"],"_links":{"self":[{"href":"https:\/\/www.caririemacao.com\/1\/wp-json\/wp\/v2\/posts\/161988","targetHints":{"allow":["GET"]}}],"collection":[{"href":"https:\/\/www.caririemacao.com\/1\/wp-json\/wp\/v2\/posts"}],"about":[{"href":"https:\/\/www.caririemacao.com\/1\/wp-json\/wp\/v2\/types\/post"}],"author":[{"embeddable":true,"href":"https:\/\/www.caririemacao.com\/1\/wp-json\/wp\/v2\/users\/2"}],"replies":[{"embeddable":true,"href":"https:\/\/www.caririemacao.com\/1\/wp-json\/wp\/v2\/comments?post=161988"}],"version-history":[{"count":1,"href":"https:\/\/www.caririemacao.com\/1\/wp-json\/wp\/v2\/posts\/161988\/revisions"}],"predecessor-version":[{"id":161989,"href":"https:\/\/www.caririemacao.com\/1\/wp-json\/wp\/v2\/posts\/161988\/revisions\/161989"}],"wp:featuredmedia":[{"embeddable":true,"href":"https:\/\/www.caririemacao.com\/1\/wp-json\/wp\/v2\/media\/153822"}],"wp:attachment":[{"href":"https:\/\/www.caririemacao.com\/1\/wp-json\/wp\/v2\/media?parent=161988"}],"wp:term":[{"taxonomy":"category","embeddable":true,"href":"https:\/\/www.caririemacao.com\/1\/wp-json\/wp\/v2\/categories?post=161988"},{"taxonomy":"post_tag","embeddable":true,"href":"https:\/\/www.caririemacao.com\/1\/wp-json\/wp\/v2\/tags?post=161988"}],"curies":[{"name":"wp","href":"https:\/\/api.w.org\/{rel}","templated":true}]}}