{"id":161993,"date":"2020-04-03T08:39:14","date_gmt":"2020-04-03T11:39:14","guid":{"rendered":"http:\/\/www.caririemacao.com\/1\/?p=161993"},"modified":"2020-04-03T08:39:17","modified_gmt":"2020-04-03T11:39:17","slug":"governo-da-paraiba-convoca-profissionais-da-saude-aprovados-no-cadastro-da-chamada-publica-para-atuar-no-combate-ao-coronavirus","status":"publish","type":"post","link":"https:\/\/www.caririemacao.com\/1\/2020\/04\/03\/governo-da-paraiba-convoca-profissionais-da-saude-aprovados-no-cadastro-da-chamada-publica-para-atuar-no-combate-ao-coronavirus\/","title":{"rendered":"Governo da Para\u00edba convoca profissionais da sa\u00fade aprovados no cadastro da Chamada P\u00fablica para atuar no combate ao Coronav\u00edrus"},"content":{"rendered":"\n<p>O Governo da Para\u00edba divulgou nesta sexta-feira (03), a primeira lista de convoca\u00e7\u00e3o de profissionais da \u00e1rea de sa\u00fade, resultante da Chamada P\u00fablica, em car\u00e1ter de urg\u00eancia, visando \u00e0 contrata\u00e7\u00e3o, de Agentes de Combate ao coronav\u00edrus (COVID-19).&nbsp;A convoca\u00e7\u00e3o foi publicada no Di\u00e1rio Oficial desta sexta-feira.<\/p>\n\n\n\n<p><a href=\"https:\/\/www.clickpb.com.br\/media\/filer_public\/84\/3b\/843b499a-d46e-469b-9850-7fc44fda073b\/diario_oficial_03-04-2020_total.pdf\">Confira a lista de profissionais a partir da p\u00e1gina 3<\/a><\/p>\n\n\n\n<p>De acordo com a publica\u00e7\u00e3o, o candidato convocado para assinatura de contrato de emerg\u00eancia fi car\u00e1 obrigado a se apresentar&nbsp;com c\u00f3pias acompanhadas dos originais de toda documenta\u00e7\u00e3o exigida.&nbsp;No caso de n\u00e3o apresenta\u00e7\u00e3o dos documentos, o candidato ficar\u00e1 sujeito a n\u00e3o contrata\u00e7\u00e3o.&nbsp;<\/p>\n\n\n\n<p>Os contratos de trabalho t\u00eam validade de 90 dias, podendo ser prorrogado por per\u00edodo igual, caso necess\u00e1rio. Os candidatos concorrem apenas \u00e0 vaga da ger\u00eancia regional para qual se inscreveu.&nbsp;<\/p>\n\n\n\n<p>Todos os cargos t\u00eam remunera\u00e7\u00e3o de R$ 1.500 para 40 horas semanais. No caso do plant\u00e3o de seis horas, o cargo de m\u00e9dico tem remunera\u00e7\u00e3o de R$ 600. Os demais cargos de n\u00edvel superior, no plant\u00e3o de seis horas, t\u00eam remunera\u00e7\u00e3o de R$ 150. J\u00e1 os de n\u00edvel m\u00e9dio e t\u00e9cnico, t\u00eam remunera\u00e7\u00e3o de R$ 100. Para os plant\u00f5es de 12 horas, da Central de Regula\u00e7\u00e3o, a remunera\u00e7\u00e3o \u00e9 de R$ 1.250 para m\u00e9dicos, R$ 205 para enfermeiros e R$ 150 para videofonistas.&nbsp;<\/p>\n","protected":false},"excerpt":{"rendered":"<p>O Governo da Para\u00edba divulgou nesta sexta-feira (03), a primeira lista de convoca\u00e7\u00e3o de profissionais da \u00e1rea de sa\u00fade, resultante da Chamada P\u00fablica, em car\u00e1ter&hellip; <\/p>\n","protected":false},"author":2,"featured_media":161994,"comment_status":"closed","ping_status":"closed","sticky":false,"template":"","format":"standard","meta":{"sfsi_plus_gutenberg_text_before_share":"","sfsi_plus_gutenberg_show_text_before_share":"","sfsi_plus_gutenberg_icon_type":"","sfsi_plus_gutenberg_icon_alignemt":"","sfsi_plus_gutenburg_max_per_row":"","footnotes":""},"categories":[16],"tags":[],"class_list":["post-161993","post","type-post","status-publish","format-standard","has-post-thumbnail","hentry","category-saude"],"_links":{"self":[{"href":"https:\/\/www.caririemacao.com\/1\/wp-json\/wp\/v2\/posts\/161993","targetHints":{"allow":["GET"]}}],"collection":[{"href":"https:\/\/www.caririemacao.com\/1\/wp-json\/wp\/v2\/posts"}],"about":[{"href":"https:\/\/www.caririemacao.com\/1\/wp-json\/wp\/v2\/types\/post"}],"author":[{"embeddable":true,"href":"https:\/\/www.caririemacao.com\/1\/wp-json\/wp\/v2\/users\/2"}],"replies":[{"embeddable":true,"href":"https:\/\/www.caririemacao.com\/1\/wp-json\/wp\/v2\/comments?post=161993"}],"version-history":[{"count":1,"href":"https:\/\/www.caririemacao.com\/1\/wp-json\/wp\/v2\/posts\/161993\/revisions"}],"predecessor-version":[{"id":161995,"href":"https:\/\/www.caririemacao.com\/1\/wp-json\/wp\/v2\/posts\/161993\/revisions\/161995"}],"wp:featuredmedia":[{"embeddable":true,"href":"https:\/\/www.caririemacao.com\/1\/wp-json\/wp\/v2\/media\/161994"}],"wp:attachment":[{"href":"https:\/\/www.caririemacao.com\/1\/wp-json\/wp\/v2\/media?parent=161993"}],"wp:term":[{"taxonomy":"category","embeddable":true,"href":"https:\/\/www.caririemacao.com\/1\/wp-json\/wp\/v2\/categories?post=161993"},{"taxonomy":"post_tag","embeddable":true,"href":"https:\/\/www.caririemacao.com\/1\/wp-json\/wp\/v2\/tags?post=161993"}],"curies":[{"name":"wp","href":"https:\/\/api.w.org\/{rel}","templated":true}]}}