{"id":161997,"date":"2020-04-03T08:41:31","date_gmt":"2020-04-03T11:41:31","guid":{"rendered":"http:\/\/www.caririemacao.com\/1\/?p=161997"},"modified":"2020-04-03T08:41:32","modified_gmt":"2020-04-03T11:41:32","slug":"novo-coronavirus-traz-novos-desafios-para-cuidadores-de-idosos","status":"publish","type":"post","link":"https:\/\/www.caririemacao.com\/1\/2020\/04\/03\/novo-coronavirus-traz-novos-desafios-para-cuidadores-de-idosos\/","title":{"rendered":"Novo coronav\u00edrus traz novos desafios para cuidadores de idosos"},"content":{"rendered":"\n<p>Na medida em que o novo coronav\u00edrus avan\u00e7a, um verbo se faz cada vez mais presente na vida das pessoas: o verbo cuidar. A facilidade com que o v\u00edrus se espalha tem levado as pessoas a refor\u00e7ar velhos cuidados e a agregar \u00e0 rotina novos cuidados, n\u00e3o s\u00f3 para si, mas para os outros. Em meio a esse cen\u00e1rio, a profiss\u00e3o que carrega no pr\u00f3prio nome o cuidar \u2013 os cuidadores de idosos \u2013 tiveram de ver seus procedimentos aperfei\u00e7oados e a aten\u00e7\u00e3o redobrada. Afinal, cuidam da vida daqueles que s\u00e3o as maiores v\u00edtimas da nova doen\u00e7a.<\/p>\n\n\n\n<p>\u00c9 o caso da cuidadora Odelsa Dutra Jatob\u00e1, de 63 anos; 14 deles sendo cuidadora de idosos. \u201cCuidar sempre foi algo que eu associava a amor, carinho e a doa\u00e7\u00e3o. Agora agrego a ela um outro verbo: prevenir. Eu dizia \u2018quem ama cuida\u2019. Agora eu digo \u2018quem ama cuida e previne\u2019\u201d, disse ela \u00e0&nbsp;<strong>Ag\u00eancia Brasil<\/strong>&nbsp;durante o intervalo entre as muitas tarefas que desenvolve diariamente.<\/p>\n\n\n\n<p>Antes mesmo da chegada ao Brasil da covid-19, doen\u00e7a causada pelo novo coronav\u00edrus,&nbsp; Odelsa j\u00e1 notava que algo mudaria em sua rotina de cuidadora. \u201cAs not\u00edcias da doen\u00e7a em outros pa\u00edses j\u00e1 assustava a todos. Passamos ent\u00e3o a ter de trabalhar a cabe\u00e7a do idoso, de forma a prepar\u00e1-lo para as medidas preventivas, em especial para o fato de familiares deixarem de ir ao quarto com a mesma frequ\u00eancia\u201d.<\/p>\n\n\n\n<h2 class=\"wp-block-heading\">Otimista e cuidadoso<\/h2>\n\n\n\n<p>Segundo ela, para lidar com a situa\u00e7\u00e3o o ideal \u00e9 explicar o que est\u00e1 acontecendo no mundo, com rela\u00e7\u00e3o \u00e0 doen\u00e7a, mas apresentando um ponto de vista &#8220;otimista e cuidadoso\u201d. \u201cEu costumo falar que j\u00e1 tivemos outras doen\u00e7as, e que sempre as superamos\u201d, disse.<\/p>\n\n\n\n<p>\u201cTem horas que eles ficam tristes. Tanto por n\u00e3o poderem receber mais as visitas da fam\u00edlia, como por se verem como alvo do v\u00edrus. H\u00e1 tamb\u00e9m muita preocupa\u00e7\u00e3o com os parentes fora de casa, em especial com os filhos que est\u00e3o na idade de risco\u201d, acrescenta.<\/p>\n\n\n\n<p>A pandemia trouxe outras mudan\u00e7as na rotina dos cuidadores. Por cautela, as fam\u00edlias reduziram algumas das atividades que at\u00e9 ent\u00e3o eram exercidas por outros profissionais, por meio de visitas \u2013 caso de fonoaudi\u00f3logos, treinadores f\u00edsicos, psic\u00f3logos, recreadores, nutricionistas. \u201cAgora passamos a ser tudo isso. Viramos multi disciplinadores\u201d, disse.<\/p>\n\n\n\n<p>\u201cCom a op\u00e7\u00e3o da fam\u00edlia por evitar contato dos idosos com outras pessoas, buscamos algumas alternativas para solucionar essa limita\u00e7\u00e3o. Uma delas \u00e9 o uso de chamadas de v\u00eddeo. Do outro lado da linha, eles nos passam as instru\u00e7\u00f5es e conferem se tudo est\u00e1 sendo feito direitinho. Isso \u00e9 muito importante porque o idoso j\u00e1 est\u00e1 acostumado com eles. Sem falar que, por exemplo, durante um exerc\u00edcio f\u00edsico o idoso pode tentar nos enrolar. Com o instrutor olhando, isso fica mais dif\u00edcil\u201d.<\/p>\n\n\n\n<h2 class=\"wp-block-heading\">Mudan\u00e7as<\/h2>\n\n\n\n<p>O medo de contamina\u00e7\u00e3o gerou dois tipos de situa\u00e7\u00e3o para os cuidadores profissionais. A primeira, de confinamento junto a seus pacientes, a pedido da fam\u00edlia. \u201cTenho algumas colegas que passaram a viver com seus pacientes. Por outro lado, muitas cuidadoras est\u00e3o agora desempregadas porque a fam\u00edlia [do idoso] achava que elas poderiam trazer o v\u00edrus\u201d.<\/p>\n\n\n\n<h2 class=\"wp-block-heading\">Rotina<\/h2>\n\n\n\n<p>Segundo o presidente da Associa\u00e7\u00e3o Brasileira dos Empregadores de Cuidadores de Idosos (Abeci), Adriano Machado, um dos grandes problemas decorrentes da pandemia de covid-19 foi a mudan\u00e7a de rotina que causou para os idosos. \u201cHigiene e isolamento s\u00e3o a base de tudo. No entanto, \u00e9 muito importante para o idoso manter a vida na maior normalidade poss\u00edvel, com banho de sol, exerc\u00edcios e alimenta\u00e7\u00e3o, uma vez que eles s\u00e3o bem mais sens\u00edveis a altera\u00e7\u00f5es de rotina. Isso tem de ser levado em considera\u00e7\u00e3o\u201d, disse ele \u00e0 Ag\u00eancia Brasil.<\/p>\n\n\n\n<p>Essa rotina n\u00e3o abrange apenas atividades. \u201cEnvolve medicamentos, alimenta\u00e7\u00e3o, hidrata\u00e7\u00e3o e muitas outras coisas espec\u00edficas de cada caso\u201d, acrescentou. Nesse sentido, abrir m\u00e3o de um profissional por medo de ele servir de canal de contamina\u00e7\u00e3o para o idoso \u00e9 tamb\u00e9m algo que pode ser problem\u00e1tico.<\/p>\n\n\n\n<h2 class=\"wp-block-heading\">Riscos<\/h2>\n\n\n\n<p>\u201cTivemos o caso de um cliente que, diante dos primeiros casos noticiados de covid-19, dispensou o cuidador. Depois de 22 semanas, por causa da altera\u00e7\u00e3o na alimenta\u00e7\u00e3o, foi gerado um fecaloma, que \u00e9 quando o bolo fecal [fezes] seca, endurece e n\u00e3o sai espontaneamente. Isso ocorreu basicamente por causa de uma defici\u00eancia alimentar\u201d, explicou Machado.<\/p>\n\n\n\n<p>Ele aponta tamb\u00e9m riscos com rela\u00e7\u00e3o a aplica\u00e7\u00e3o de medicamentos, quedas e desidrata\u00e7\u00e3o. \u201cH\u00e1 ainda casos mais complexos, como o de pacientes com Alzheimer. Muitos n\u00e3o sabem, mas h\u00e1 casos em que se tem de cobrir espelhos porque pacientes com tend\u00eancias agressivas podem quebr\u00e1-los por n\u00e3o se reconhecerem, e acharem que se trata de outra pessoa\u201d.<\/p>\n\n\n\n<h2 class=\"wp-block-heading\">Deslocamento<\/h2>\n\n\n\n<p>De acordo com o presidente da Abeci, houve queda na atividade desde que a doen\u00e7a chegou no pa\u00eds. \u201cO movimento por novos clientes est\u00e1 praticamente zero. Quem j\u00e1 tem prefere segurar, mas muitos contratos foram suspensos por medo da circula\u00e7\u00e3o do cuidador na rua, uma vez que eles costumam usar transportes p\u00fablicos, meio pelo qual o v\u00edrus tem melhores condi\u00e7\u00f5es de se espalhar\u201d.<\/p>\n\n\n\n<p>Diante desse medo, algumas fam\u00edlias optaram por mudar o hor\u00e1rio do cuidador, para que ele pegasse transportes mais vazios, ou mesmo passaram a pagar por outras alternativas de transporte, como t\u00e1xis e motoristas de aplicativos. \u201cTem caso de fam\u00edlias que d\u00e3o at\u00e9 luvas para as cuidadoras usarem durante o deslocamento\u201d, informa Machado.<\/p>\n\n\n\n<p>Em todo e qualquer ambiente, o cuidador tem de seguir os cuidados que s\u00e3o divulgados por autoridades sanit\u00e1rias, como manter corpo e o ambiente higienizados, lavar sempre as m\u00e3os com \u00e1gua e sab\u00e3o ou \u00e1lcool gel, e manter dist\u00e2ncia de cerca de 2 metros de outras pessoas.<\/p>\n\n\n\n<p>\u201cE ao chegarem na casa, o indicado \u00e9 que tomem um banho e troquem de roupa. Em alguns casos, a pedido da fam\u00edlia, os cuidadores t\u00eam de usar m\u00e1scara constantemente\u201d, acrescenta.<\/p>\n\n\n\n<h2 class=\"wp-block-heading\">Terceiriza\u00e7\u00e3o x contrata\u00e7\u00e3o direta<\/h2>\n\n\n\n<p>H\u00e1 duas formas de se contratar um cuidador de idosos: por contrata\u00e7\u00e3o direta ou via empresas especializadas. Dona Odelsa conhece bem as duas situa\u00e7\u00f5es. \u201cDesde 2017 trabalho terceirizada por uma empresa. A vantagem \u00e9 que nelas somos registrados como qualquer outro trabalhador, enquanto nas contrata\u00e7\u00f5es diretas, apesar de ganharmos um pouco mais, nem sempre somos registrados\u201d, disse.<\/p>\n\n\n\n<p>\u201cOutra vantagem \u00e9 o apoio. Empresas costumam oferecer cursos dos mais variados, indo desde aferir press\u00e3o at\u00e9 a manipula\u00e7\u00e3o de equipamentos, medica\u00e7\u00f5es e alimentos. Qualquer d\u00favida que eu tenha, posso ligar para a empresa, que d\u00e1 uma retaguarda. Isso \u00e9 importante porque cada paciente tem uma necessidade diferente\u201d, explica a cuidadora.<\/p>\n\n\n\n<p>De acordo com a Abeci, apesar de n\u00e3o ser regulamentada, a profiss\u00e3o de cuidador de idosos tem despertado cada vez mais o interesse das pessoas, a ponto de, entre 2004 e 2017, ter registrado um aumento de 690%, passando de 4,3 mil para 34 mil profissionais. Em m\u00e9dia, a remunera\u00e7\u00e3o \u00e9 de cerca de R$ 1,3 mil mensais.<\/p>\n\n\n\n<h2 class=\"wp-block-heading\">Cursos<\/h2>\n\n\n\n<p>A Associa\u00e7\u00e3o Brasileira dos Empregadores de Cuidadores de Idosos, inclusive, surgiu da necessidade das empresas oferecerem cursos para a forma\u00e7\u00e3o de novos profissionais. Atualmente, a Abeci oferece cursos gratuitos, al\u00e9m de indicar cuidadores para fam\u00edlias de baixa renda. \u201cSomos uma entidade sem fins lucrativos. Nossa indica\u00e7\u00e3o \u00e9 gratuita, mas o pre\u00e7o pelo servi\u00e7o \u00e9 combinado entre as partes. Em geral, a fam\u00edlia nos explica a situa\u00e7\u00e3o e a gente indica a melhor forma de obter esse tipo de servi\u00e7o\u201d, explica o presidente da Abeci.<\/p>\n\n\n\n<p>Segundo ele, essa iniciativa \u00e9 interessante para as empresas do setor porque, ao agregar experi\u00eancia a esses profissionais, deixa-os melhor preparados para, em outro momento, serem contratados para integrar suas equipes.<\/p>\n","protected":false},"excerpt":{"rendered":"<p>Na medida em que o novo coronav\u00edrus avan\u00e7a, um verbo se faz cada vez mais presente na vida das pessoas: o verbo cuidar. A facilidade&hellip; <\/p>\n","protected":false},"author":2,"featured_media":161998,"comment_status":"closed","ping_status":"closed","sticky":false,"template":"","format":"standard","meta":{"sfsi_plus_gutenberg_text_before_share":"","sfsi_plus_gutenberg_show_text_before_share":"","sfsi_plus_gutenberg_icon_type":"","sfsi_plus_gutenberg_icon_alignemt":"","sfsi_plus_gutenburg_max_per_row":"","footnotes":""},"categories":[2],"tags":[],"class_list":["post-161997","post","type-post","status-publish","format-standard","has-post-thumbnail","hentry","category-geral"],"_links":{"self":[{"href":"https:\/\/www.caririemacao.com\/1\/wp-json\/wp\/v2\/posts\/161997","targetHints":{"allow":["GET"]}}],"collection":[{"href":"https:\/\/www.caririemacao.com\/1\/wp-json\/wp\/v2\/posts"}],"about":[{"href":"https:\/\/www.caririemacao.com\/1\/wp-json\/wp\/v2\/types\/post"}],"author":[{"embeddable":true,"href":"https:\/\/www.caririemacao.com\/1\/wp-json\/wp\/v2\/users\/2"}],"replies":[{"embeddable":true,"href":"https:\/\/www.caririemacao.com\/1\/wp-json\/wp\/v2\/comments?post=161997"}],"version-history":[{"count":1,"href":"https:\/\/www.caririemacao.com\/1\/wp-json\/wp\/v2\/posts\/161997\/revisions"}],"predecessor-version":[{"id":161999,"href":"https:\/\/www.caririemacao.com\/1\/wp-json\/wp\/v2\/posts\/161997\/revisions\/161999"}],"wp:featuredmedia":[{"embeddable":true,"href":"https:\/\/www.caririemacao.com\/1\/wp-json\/wp\/v2\/media\/161998"}],"wp:attachment":[{"href":"https:\/\/www.caririemacao.com\/1\/wp-json\/wp\/v2\/media?parent=161997"}],"wp:term":[{"taxonomy":"category","embeddable":true,"href":"https:\/\/www.caririemacao.com\/1\/wp-json\/wp\/v2\/categories?post=161997"},{"taxonomy":"post_tag","embeddable":true,"href":"https:\/\/www.caririemacao.com\/1\/wp-json\/wp\/v2\/tags?post=161997"}],"curies":[{"name":"wp","href":"https:\/\/api.w.org\/{rel}","templated":true}]}}