{"id":162003,"date":"2020-04-03T08:42:50","date_gmt":"2020-04-03T11:42:50","guid":{"rendered":"http:\/\/www.caririemacao.com\/1\/?p=162003"},"modified":"2020-04-03T08:42:51","modified_gmt":"2020-04-03T11:42:51","slug":"estudantes-da-area-de-saude-poderao-ajudar-no-combate-ao-coronavirus","status":"publish","type":"post","link":"https:\/\/www.caririemacao.com\/1\/2020\/04\/03\/estudantes-da-area-de-saude-poderao-ajudar-no-combate-ao-coronavirus\/","title":{"rendered":"Estudantes da \u00e1rea de sa\u00fade poder\u00e3o ajudar no combate ao coronav\u00edrus"},"content":{"rendered":"\n<p>Os estudantes da \u00e1rea de sa\u00fade est\u00e3o sendo chamados para atuar no enfretamento ao novo coronav\u00edrus (covid-19) no pa\u00eds. Isso est\u00e1 sendo feito pelo Minist\u00e9rio da Sa\u00fade, por meio da a\u00e7\u00e3o O Brasil conta comigo. O edital sobre a medida est\u00e1 publicado no&nbsp;<a href=\"http:\/\/pesquisa.in.gov.br\/imprensa\/jsp\/visualiza\/index.jsp?data=01\/04\/2020&amp;jornal=530&amp;pagina=88\"><em>Di\u00e1rio Oficial da Uni\u00e3o<\/em><\/a>&nbsp;dessa quarta-feira (1\u00ba).<\/p>\n\n\n\n<p>O documento estabelece as provid\u00eancias emergenciais e traz informa\u00e7\u00f5es sobre como os alunos de medicina, enfermagem, fisioterapia e farm\u00e1cia devem proceder para atuarem no combate ao Ccovid-19 no Sistema \u00danico de Sa\u00fade (SUS).<\/p>\n\n\n\n<p>\u201cPodem participar alunos matriculados em institui\u00e7\u00f5es de ensino superior, p\u00fablicas e privadas, que integram o sistema federal de ensino, cursando o 5\u00b0 e 6\u00b0 ano de Medicina, al\u00e9m de alunos do \u00faltimo ano dos cursos de gradua\u00e7\u00e3o em Enfermagem, Fisioterapia e Farm\u00e1cia. Os estudantes dever\u00e3o refor\u00e7ar de forma priorit\u00e1ria a atua\u00e7\u00e3o na Aten\u00e7\u00e3o Prim\u00e1ria \u00e0 Sa\u00fade do SUS\u201d.<\/p>\n\n\n\n<p>De acordo com o edital, os estudantes chamados ter\u00e3o direito a uma bonifica\u00e7\u00e3o, que incluem o recebimento de uma bolsa, enquanto durar a medida, de acordo com a carga hor\u00e1ria do est\u00e1gio supervisionado \u2013 de 40h no valor de um sal\u00e1rio m\u00ednimo (R$ 1.045) e de 20h no valor de meio sal\u00e1rio m\u00ednimo (R$ 522,50).<\/p>\n\n\n\n<p>Eles ainda receber\u00e3o 10% de pontua\u00e7\u00e3o no ingresso em programa de resid\u00eancia do Minist\u00e9rio da Sa\u00fade, no prazo de dois anos, al\u00e9m de certificado de participa\u00e7\u00e3o. O Banco do Brasil apoiar\u00e1 a iniciativa do minist\u00e9rio, disponibilizando solu\u00e7\u00e3o 100% digital para o pagamento das bolsas dos estudantes.<\/p>\n\n\n\n<h2 class=\"wp-block-heading\">Inscri\u00e7\u00e3o: passo a passo<\/h2>\n\n\n\n<p>O cadastro dos alunos poder\u00e1 ser feito via endere\u00e7o eletr\u00f4nico http:\/\/sgtes.unasus.gov.br\/apoiasus\/ a partir desta quinta-feira desta quinta-feira (2), com o preenchimento da Ficha do Aluno. Ao ser chamado, por meio de correspond\u00eancia eletr\u00f4nica, o aluno dever\u00e1 se apresentar em at\u00e9 48h no estabelecimento de sa\u00fade indicado. Os estudantes tamb\u00e9m poder\u00e3o atuar nas \u00e1reas de cl\u00ednica m\u00e9dica, pediatria e sa\u00fade coletiva, de acordo com as especificidades de cada curso.<\/p>\n\n\n\n<p><em>*Com informa\u00e7\u00f5es do Minist\u00e9rio da Sa\u00fade<\/em><\/p>\n","protected":false},"excerpt":{"rendered":"<p>Os estudantes da \u00e1rea de sa\u00fade est\u00e3o sendo chamados para atuar no enfretamento ao novo coronav\u00edrus (covid-19) no pa\u00eds. Isso est\u00e1 sendo feito pelo Minist\u00e9rio&hellip; <\/p>\n","protected":false},"author":2,"featured_media":162005,"comment_status":"closed","ping_status":"closed","sticky":false,"template":"","format":"standard","meta":{"sfsi_plus_gutenberg_text_before_share":"","sfsi_plus_gutenberg_show_text_before_share":"","sfsi_plus_gutenberg_icon_type":"","sfsi_plus_gutenberg_icon_alignemt":"","sfsi_plus_gutenburg_max_per_row":"","footnotes":""},"categories":[16],"tags":[],"class_list":["post-162003","post","type-post","status-publish","format-standard","has-post-thumbnail","hentry","category-saude"],"_links":{"self":[{"href":"https:\/\/www.caririemacao.com\/1\/wp-json\/wp\/v2\/posts\/162003","targetHints":{"allow":["GET"]}}],"collection":[{"href":"https:\/\/www.caririemacao.com\/1\/wp-json\/wp\/v2\/posts"}],"about":[{"href":"https:\/\/www.caririemacao.com\/1\/wp-json\/wp\/v2\/types\/post"}],"author":[{"embeddable":true,"href":"https:\/\/www.caririemacao.com\/1\/wp-json\/wp\/v2\/users\/2"}],"replies":[{"embeddable":true,"href":"https:\/\/www.caririemacao.com\/1\/wp-json\/wp\/v2\/comments?post=162003"}],"version-history":[{"count":1,"href":"https:\/\/www.caririemacao.com\/1\/wp-json\/wp\/v2\/posts\/162003\/revisions"}],"predecessor-version":[{"id":162006,"href":"https:\/\/www.caririemacao.com\/1\/wp-json\/wp\/v2\/posts\/162003\/revisions\/162006"}],"wp:featuredmedia":[{"embeddable":true,"href":"https:\/\/www.caririemacao.com\/1\/wp-json\/wp\/v2\/media\/162005"}],"wp:attachment":[{"href":"https:\/\/www.caririemacao.com\/1\/wp-json\/wp\/v2\/media?parent=162003"}],"wp:term":[{"taxonomy":"category","embeddable":true,"href":"https:\/\/www.caririemacao.com\/1\/wp-json\/wp\/v2\/categories?post=162003"},{"taxonomy":"post_tag","embeddable":true,"href":"https:\/\/www.caririemacao.com\/1\/wp-json\/wp\/v2\/tags?post=162003"}],"curies":[{"name":"wp","href":"https:\/\/api.w.org\/{rel}","templated":true}]}}