{"id":162032,"date":"2020-04-03T13:24:57","date_gmt":"2020-04-03T16:24:57","guid":{"rendered":"http:\/\/www.caririemacao.com\/1\/?p=162032"},"modified":"2020-04-03T13:24:59","modified_gmt":"2020-04-03T16:24:59","slug":"prefeito-eden-duarte-anuncia-filiacao-no-pl-para-disputar-a-reeleicao","status":"publish","type":"post","link":"https:\/\/www.caririemacao.com\/1\/2020\/04\/03\/prefeito-eden-duarte-anuncia-filiacao-no-pl-para-disputar-a-reeleicao\/","title":{"rendered":"Prefeito \u00c9den Duarte anuncia filia\u00e7\u00e3o no PL para disputar a reelei\u00e7\u00e3o"},"content":{"rendered":"\n<p>O prefeito de Sum\u00e9, \u00c9den Duarte, anunciou em entrevista ao rep\u00f3rter Rodolfo Silva da 95FM, sua filia\u00e7\u00e3o ao Partido Liberal \u2013 PL, para disputar a reelei\u00e7\u00e3o nas elei\u00e7\u00f5es de outubro.<\/p>\n\n\n\n<p>\u00c9den Duarte, ir\u00e1 presidir a legenda em Sum\u00e9, afirmou que tomou a decis\u00e3o ap\u00f3s consultar ao seu grupo pol\u00edtico e em reconhecimento aos servi\u00e7os prestados pelo deputado Wellington Roberto no munic\u00edpio.<\/p>\n\n\n\n<p>O partido \u00e9 presidido na Para\u00edba pelo deputado federal Wellington Roberto, que j\u00e1 havia convidado o gestor em outras oportunidades para a sigla, \u201cO deputado Wellington Roberto tem sido um grande parceiro de nossa gest\u00e3o e de Sum\u00e9, nos garantindo recursos para investimentos que mudam a realidade do nosso povo\u201d, disse \u00c9den.<\/p>\n\n\n\n<p>Est\u00e3o filiados tamb\u00e9m no PL em Sum\u00e9, o presidente da C\u00e2mara de Vereadores Bomba, o vereador Jos\u00e9 Ant\u00f4nio, Branco Xiliu, Fl\u00e1vio Paulino e o vereador licenciado e atual secret\u00e1rio de administra\u00e7\u00e3o Bonilson Tim\u00f3teo.<\/p>\n\n\n\n<p>O prazo limite de filia\u00e7\u00e3o para candidatos que v\u00e3o concorrer nas elei\u00e7\u00f5es municipais em outubro permanece, e vai at\u00e9 amanh\u00e3, 4 de abril.<\/p>\n\n\n\n<p><strong>Not\u00edcias em Destaque<\/strong><\/p>\n","protected":false},"excerpt":{"rendered":"<p>O prefeito de Sum\u00e9, \u00c9den Duarte, anunciou em entrevista ao rep\u00f3rter Rodolfo Silva da 95FM, sua filia\u00e7\u00e3o ao Partido Liberal \u2013 PL, para disputar a&hellip; <\/p>\n","protected":false},"author":2,"featured_media":162033,"comment_status":"closed","ping_status":"closed","sticky":false,"template":"","format":"standard","meta":{"sfsi_plus_gutenberg_text_before_share":"","sfsi_plus_gutenberg_show_text_before_share":"","sfsi_plus_gutenberg_icon_type":"","sfsi_plus_gutenberg_icon_alignemt":"","sfsi_plus_gutenburg_max_per_row":"","footnotes":""},"categories":[50,2],"tags":[],"class_list":["post-162032","post","type-post","status-publish","format-standard","has-post-thumbnail","hentry","category-destaque","category-geral"],"_links":{"self":[{"href":"https:\/\/www.caririemacao.com\/1\/wp-json\/wp\/v2\/posts\/162032","targetHints":{"allow":["GET"]}}],"collection":[{"href":"https:\/\/www.caririemacao.com\/1\/wp-json\/wp\/v2\/posts"}],"about":[{"href":"https:\/\/www.caririemacao.com\/1\/wp-json\/wp\/v2\/types\/post"}],"author":[{"embeddable":true,"href":"https:\/\/www.caririemacao.com\/1\/wp-json\/wp\/v2\/users\/2"}],"replies":[{"embeddable":true,"href":"https:\/\/www.caririemacao.com\/1\/wp-json\/wp\/v2\/comments?post=162032"}],"version-history":[{"count":1,"href":"https:\/\/www.caririemacao.com\/1\/wp-json\/wp\/v2\/posts\/162032\/revisions"}],"predecessor-version":[{"id":162034,"href":"https:\/\/www.caririemacao.com\/1\/wp-json\/wp\/v2\/posts\/162032\/revisions\/162034"}],"wp:featuredmedia":[{"embeddable":true,"href":"https:\/\/www.caririemacao.com\/1\/wp-json\/wp\/v2\/media\/162033"}],"wp:attachment":[{"href":"https:\/\/www.caririemacao.com\/1\/wp-json\/wp\/v2\/media?parent=162032"}],"wp:term":[{"taxonomy":"category","embeddable":true,"href":"https:\/\/www.caririemacao.com\/1\/wp-json\/wp\/v2\/categories?post=162032"},{"taxonomy":"post_tag","embeddable":true,"href":"https:\/\/www.caririemacao.com\/1\/wp-json\/wp\/v2\/tags?post=162032"}],"curies":[{"name":"wp","href":"https:\/\/api.w.org\/{rel}","templated":true}]}}