{"id":162039,"date":"2020-04-03T13:39:48","date_gmt":"2020-04-03T16:39:48","guid":{"rendered":"http:\/\/www.caririemacao.com\/1\/?p=162039"},"modified":"2020-04-03T13:39:50","modified_gmt":"2020-04-03T16:39:50","slug":"por-que-diabeticos-estao-entre-os-grupos-de-risco-ao-coronavirus","status":"publish","type":"post","link":"https:\/\/www.caririemacao.com\/1\/2020\/04\/03\/por-que-diabeticos-estao-entre-os-grupos-de-risco-ao-coronavirus\/","title":{"rendered":"Por que diab\u00e9ticos est\u00e3o entre os grupos de risco ao coronav\u00edrus?"},"content":{"rendered":"\n<p>A Para\u00edba registrou, na \u00faltima ter\u00e7a-feira (31), o primeiro caso de morte por Covid-19. Trata-se de um homem, de 36 anos, residente do munic\u00edpio de Patos \u2013 Sert\u00e3o da Para\u00edba, portador de diabetes, doen\u00e7a apontada como fator de risco para o agravamento dos casos de coronav\u00edrus. Afinal, por que diab\u00e9ticos est\u00e3o entre os grupos mais vulner\u00e1veis ao novo v\u00edrus?<\/p>\n\n\n\n<p>A m\u00e9dica endocrinologista do Sistema Hapvida, Aline Garcia (foto), explica que seriam dois motivos principais: excesso de glicose no sangue e tend\u00eancia a inflama\u00e7\u00e3o.<\/p>\n\n\n\n<p>\u201c\u00c9 justamente essa situa\u00e7\u00e3o de hiperglicemia que pode comprometer a imunidade, levando o paciente a ter uma evolu\u00e7\u00e3o mais r\u00e1pida com manifesta\u00e7\u00e3o mais grave da infec\u00e7\u00e3o\u201d, esclarece.<\/p>\n\n\n\n<p>Ele diz que os diab\u00e9ticos t\u00eam o processo inflamat\u00f3rio mais exacerbado e ativo, principalmente pacientes com obesidade. Essa caracter\u00edstica sobrecarrega a resposta imunol\u00f3gica e faz com que essas pessoas tenham mais facilidade de contrair outras infec\u00e7\u00f5es, podendo evoluir mais rapidamente para um quadro de insufici\u00eancia respirat\u00f3ria mais grave.<\/p>\n\n\n\n<p>Dados do Minist\u00e9rio da Sa\u00fade (MS) apontam que 84% das mortes por coronav\u00edrus no Brasil s\u00e3o de pessoas com, pelo menos, um fator de risco, como doen\u00e7as preexistentes.<\/p>\n\n\n\n<p>A diabetes foi uma das doen\u00e7as associadas de maior frequ\u00eancia, presente em 50 v\u00edtimas fatais da Covid-19. A an\u00e1lise foi realizada tendo como base o boletim divulgado pelo MS no \u00faltimo domingo (29), nesta data, o Brasil registrava 4.256 casos da Covid-19.<\/p>\n\n\n\n<p>A especialista recomenda que neste momento de pandemia os cuidados que todo diab\u00e9tico deve ter, s\u00e3o basicamente dois: Isolamento social e controle dos n\u00edveis de glicemia.<\/p>\n\n\n\n<p>\u201cJ\u00e1 existem estudos que apontam que pacientes diab\u00e9ticos bem controlados t\u00eam quase o mesmo risco de complica\u00e7\u00e3o que aqueles que n\u00e3o t\u00eam a doen\u00e7a. Portanto, al\u00e9m do isolamento social, alimenta\u00e7\u00e3o equilibrada e boa ades\u00e3o ao tratamento m\u00e9dico s\u00e3o muito importantes\u201d, explicou.<\/p>\n\n\n\n<p>A endocrinologista do Sistema Hapvida ressalta ainda que h\u00e1 muitas d\u00favidas por parte dos pacientes em rela\u00e7\u00e3o ao risco de complica\u00e7\u00e3o pela Covid-19 ser maior no diabetes tipo 1(insulino-dependente) ou tipo 2.<\/p>\n\n\n\n<p>\u201cO que precisa ser esclarecido \u00e9 que o risco maior est\u00e1 associado \u00e0s complica\u00e7\u00f5es que, porventura, j\u00e1 possam existir nesses pacientes, independente da classifica\u00e7\u00e3o da doen\u00e7a em ser tipo 1 ou tipo 2. Complica\u00e7\u00f5es renais e cardiovasculares s\u00e3o as mais associadas a piora do progn\u00f3stico\u201d, lembra.<\/p>\n\n\n\n<p>Fatores que explicam a vulnerabilidade dos diab\u00e9ticos aos coronav\u00edrus:<br>\u2013 Excesso de a\u00e7\u00facar no sangue, que dificulta o combate a doen\u00e7as;<br>\u2013 O processo de inflama\u00e7\u00e3o \u00e9 mais acentuado nos diab\u00e9ticos;<br>\u2013 Por causa do sistema imunol\u00f3gico comprometido de quem tem diabetes, alguns sintomas da infec\u00e7\u00e3o por coronav\u00edrus demoram a aparecer.<\/p>\n","protected":false},"excerpt":{"rendered":"<p>A Para\u00edba registrou, na \u00faltima ter\u00e7a-feira (31), o primeiro caso de morte por Covid-19. Trata-se de um homem, de 36 anos, residente do munic\u00edpio de&hellip; <\/p>\n","protected":false},"author":2,"featured_media":162041,"comment_status":"closed","ping_status":"closed","sticky":false,"template":"","format":"standard","meta":{"sfsi_plus_gutenberg_text_before_share":"","sfsi_plus_gutenberg_show_text_before_share":"","sfsi_plus_gutenberg_icon_type":"","sfsi_plus_gutenberg_icon_alignemt":"","sfsi_plus_gutenburg_max_per_row":"","footnotes":""},"categories":[2],"tags":[],"class_list":["post-162039","post","type-post","status-publish","format-standard","has-post-thumbnail","hentry","category-geral"],"_links":{"self":[{"href":"https:\/\/www.caririemacao.com\/1\/wp-json\/wp\/v2\/posts\/162039","targetHints":{"allow":["GET"]}}],"collection":[{"href":"https:\/\/www.caririemacao.com\/1\/wp-json\/wp\/v2\/posts"}],"about":[{"href":"https:\/\/www.caririemacao.com\/1\/wp-json\/wp\/v2\/types\/post"}],"author":[{"embeddable":true,"href":"https:\/\/www.caririemacao.com\/1\/wp-json\/wp\/v2\/users\/2"}],"replies":[{"embeddable":true,"href":"https:\/\/www.caririemacao.com\/1\/wp-json\/wp\/v2\/comments?post=162039"}],"version-history":[{"count":1,"href":"https:\/\/www.caririemacao.com\/1\/wp-json\/wp\/v2\/posts\/162039\/revisions"}],"predecessor-version":[{"id":162042,"href":"https:\/\/www.caririemacao.com\/1\/wp-json\/wp\/v2\/posts\/162039\/revisions\/162042"}],"wp:featuredmedia":[{"embeddable":true,"href":"https:\/\/www.caririemacao.com\/1\/wp-json\/wp\/v2\/media\/162041"}],"wp:attachment":[{"href":"https:\/\/www.caririemacao.com\/1\/wp-json\/wp\/v2\/media?parent=162039"}],"wp:term":[{"taxonomy":"category","embeddable":true,"href":"https:\/\/www.caririemacao.com\/1\/wp-json\/wp\/v2\/categories?post=162039"},{"taxonomy":"post_tag","embeddable":true,"href":"https:\/\/www.caririemacao.com\/1\/wp-json\/wp\/v2\/tags?post=162039"}],"curies":[{"name":"wp","href":"https:\/\/api.w.org\/{rel}","templated":true}]}}