{"id":162040,"date":"2020-04-03T13:43:36","date_gmt":"2020-04-03T16:43:36","guid":{"rendered":"http:\/\/www.caririemacao.com\/1\/?p=162040"},"modified":"2020-04-03T13:43:37","modified_gmt":"2020-04-03T16:43:37","slug":"carteiras-de-estudante-comecam-a-ser-emitidas-em-monteiro","status":"publish","type":"post","link":"https:\/\/www.caririemacao.com\/1\/2020\/04\/03\/carteiras-de-estudante-comecam-a-ser-emitidas-em-monteiro\/","title":{"rendered":"Carteiras de estudante come\u00e7am a ser emitidas em Monteiro"},"content":{"rendered":"\n<p>Devido a pandemia da corona v\u00edrus, as habilita\u00e7\u00f5es das entidades estudantis para confec\u00e7\u00e3o das \u201cCarteirinhas de Estudante 2020\u201d tiveram atrasos, sendo as habilita\u00e7\u00f5es divulgadas no di\u00e1rio oficial do estado no dia 02 de abril. <\/p>\n\n\n\n<p>Para\nauxiliar ao m\u00e1ximo os estudantes monteirenses e visando evitar poss\u00edveis\naglomera\u00e7\u00f5es, o Estudante poder\u00e1 solicitar sua Carteira de Identifica\u00e7\u00e3o\nEstudantil (CIE) atrav\u00e9s do WhatsApp e receber sua CIE em domicilio. <\/p>\n\n\n\n<p>Segundo\nLeandro Levy, representante estudantil, um grupo de estudantes estar\u00e1 empenhado\nno desenvolvimento desta a\u00e7\u00e3o. \u201cO in\u00edcio da confec\u00e7\u00e3o das carteirinhas atrav\u00e9s\ndos meios digitais, auxiliar\u00e1 os estudantes no processo de volta a suas\natividades ap\u00f3s a pandemia do corona v\u00edrus, tendo e vista que as CIE 2019 n\u00e3o\npossuem mais validade\u201d, completou. <\/p>\n\n\n\n<p>Ele\nafirmou ainda, que o estudante receber\u00e1 a CIE no mesmo dia da solicita\u00e7\u00e3o e que\ntodo o processo de emiss\u00e3o seguir\u00e1 padr\u00f5es de higiene ainda mais rigorosos,\nsendo as CIE esterilizadas com \u00c1lcool-Gel antes da entrega.<\/p>\n\n\n\n<p>Para\nsolicitar a sua, basta entrar em contato via WhatsApp pelos n\u00fameros: (83)\n99951-2779 ou (83) 99399-1389, das 08h \u00e1s 20h de Domingo a Domingo.<\/p>\n\n\n\n<p>Est\u00e3o\nhabilitadas para confec\u00e7\u00e3o das carteiras de Estudante 2020 na Para\u00edba as\nseguintes entidades, conforme Edital e Aviso do PROCON-PB.<\/p>\n\n\n\n<p><strong>Estudantes\nUniversit\u00e1rios<\/strong>:<\/p>\n\n\n\n<p>CUC \u2013 CONSELHO UNIVERSIT\u00c1RIO DE\nCARTEIRAS <\/p>\n\n\n\n<p>CNPJ 11.254.202\/0001-86; <\/p>\n\n\n\n<p>DIRET\u00d3RIO CENTRAL DOS ESTUDANTES DCE\nLIVRE MAURICIO DE NASSAU\/PB <\/p>\n\n\n\n<p>CNPJ &#8211;\n14.113.130\/0001-45;&nbsp;&nbsp;&nbsp;&nbsp;&nbsp;&nbsp;&nbsp;&nbsp;&nbsp;&nbsp;&nbsp;&nbsp;&nbsp;&nbsp;&nbsp; <\/p>\n\n\n\n<p>DIRET\u00d3RIO CENTRAL DOS ESTUDANTES \u2013 DCE\nFIP\/FADIP <\/p>\n\n\n\n<p>CNPJ 08.015.701\/0001-06;<\/p>\n\n\n\n<p>DIRET\u00d3RIO CENTRAL DOS ESTUDANTES \u2013 DCE\nIFPB <\/p>\n\n\n\n<p>CNPJ 07.258.615\/0001-61;<\/p>\n\n\n\n<p>DIRET\u00d3RIO CENTRAL DOS ESTUDANTES \u2013 DCE\nUFPB <\/p>\n\n\n\n<p>CNPJ 19.928.194\/0001-18; <\/p>\n\n\n\n<p>DIRET\u00d3RIO CENTRAL DOS ESTUDANTES DA\nFACULDADE INTERNACIONAL DA PARA\u00cdBA \u2013 DCE FPB\/ASPEC&nbsp; <\/p>\n\n\n\n<p>CNPJ 32.850.600\/0001-35; <\/p>\n\n\n\n<p>DIRET\u00d3RIO CENTRAL DOS ESTUDANTES &#8211; DCE\nIESP <\/p>\n\n\n\n<p>CNPJ 33.507.560\/0001-96;<\/p>\n\n\n\n<p>DIRET\u00d3RIO CENTRAL DOS ESTUDANTES &#8211; DCE\nUNIP\u00ca <\/p>\n\n\n\n<p>CNPJ 00.473.714\/0001-17; <\/p>\n\n\n\n<p><strong>Estudantes Secundaristas:<\/strong><\/p>\n\n\n\n<p>AESP &#8211; ASSOCIA\u00c7\u00c3O DOS ESTUDANTES\nSECUNDARISTAS DA PARA\u00cdBA<\/p>\n\n\n\n<p>CNPJ 03.277.821\/0001-68;<\/p>\n\n\n\n<p>UEEP \u2013 UNI\u00c3O ESTADUAL DOS ESTUDANTES DA PARA\u00cdBA <\/p>\n\n\n\n<p>CNPJ 03.545.685\/0001-40<\/p>\n","protected":false},"excerpt":{"rendered":"<p>Devido a pandemia da corona v\u00edrus, as habilita\u00e7\u00f5es das entidades estudantis para confec\u00e7\u00e3o das \u201cCarteirinhas de Estudante 2020\u201d tiveram atrasos, sendo as habilita\u00e7\u00f5es divulgadas no&hellip; <\/p>\n","protected":false},"author":1,"featured_media":162050,"comment_status":"closed","ping_status":"closed","sticky":false,"template":"","format":"standard","meta":{"sfsi_plus_gutenberg_text_before_share":"","sfsi_plus_gutenberg_show_text_before_share":"","sfsi_plus_gutenberg_icon_type":"","sfsi_plus_gutenberg_icon_alignemt":"","sfsi_plus_gutenburg_max_per_row":"","footnotes":""},"categories":[50,2],"tags":[],"class_list":["post-162040","post","type-post","status-publish","format-standard","has-post-thumbnail","hentry","category-destaque","category-geral"],"_links":{"self":[{"href":"https:\/\/www.caririemacao.com\/1\/wp-json\/wp\/v2\/posts\/162040","targetHints":{"allow":["GET"]}}],"collection":[{"href":"https:\/\/www.caririemacao.com\/1\/wp-json\/wp\/v2\/posts"}],"about":[{"href":"https:\/\/www.caririemacao.com\/1\/wp-json\/wp\/v2\/types\/post"}],"author":[{"embeddable":true,"href":"https:\/\/www.caririemacao.com\/1\/wp-json\/wp\/v2\/users\/1"}],"replies":[{"embeddable":true,"href":"https:\/\/www.caririemacao.com\/1\/wp-json\/wp\/v2\/comments?post=162040"}],"version-history":[{"count":1,"href":"https:\/\/www.caririemacao.com\/1\/wp-json\/wp\/v2\/posts\/162040\/revisions"}],"predecessor-version":[{"id":162051,"href":"https:\/\/www.caririemacao.com\/1\/wp-json\/wp\/v2\/posts\/162040\/revisions\/162051"}],"wp:featuredmedia":[{"embeddable":true,"href":"https:\/\/www.caririemacao.com\/1\/wp-json\/wp\/v2\/media\/162050"}],"wp:attachment":[{"href":"https:\/\/www.caririemacao.com\/1\/wp-json\/wp\/v2\/media?parent=162040"}],"wp:term":[{"taxonomy":"category","embeddable":true,"href":"https:\/\/www.caririemacao.com\/1\/wp-json\/wp\/v2\/categories?post=162040"},{"taxonomy":"post_tag","embeddable":true,"href":"https:\/\/www.caririemacao.com\/1\/wp-json\/wp\/v2\/tags?post=162040"}],"curies":[{"name":"wp","href":"https:\/\/api.w.org\/{rel}","templated":true}]}}