{"id":162044,"date":"2020-04-03T13:42:22","date_gmt":"2020-04-03T16:42:22","guid":{"rendered":"http:\/\/www.caririemacao.com\/1\/?p=162044"},"modified":"2020-04-03T13:42:23","modified_gmt":"2020-04-03T16:42:23","slug":"bolsonaro-sobre-fechamento-do-comercio-vai-quebrar-tudo","status":"publish","type":"post","link":"https:\/\/www.caririemacao.com\/1\/2020\/04\/03\/bolsonaro-sobre-fechamento-do-comercio-vai-quebrar-tudo\/","title":{"rendered":"Bolsonaro sobre fechamento do com\u00e9rcio: \u201cVai quebrar tudo\u201d"},"content":{"rendered":"\n<p>Em mais uma cr\u00edtica \u00e0s a\u00e7\u00f5es de isolamento social tomadas por governadores, o presidente Jair Bolsonaro (sem partido) afirmou nesta sexta-feira (3) que a sociedade brasileira \u201cn\u00e3o aguenta ficar dois, tr\u00eas meses parada\u201d.<\/p>\n\n\n\n<p>\u201cVai quebrar tudo\u201d, declarou o presidente a um grupo de apoiadores em frente ao Pal\u00e1cio da Alvorada, em Bras\u00edlia.<\/p>\n\n\n\n<p>\u201cVoc\u00eas sabem do meu posicionamento: n\u00e3o pode fechar dessa maneira, e atr\u00e1s disso vem desemprego em massa, mis\u00e9ria, fome, vem viol\u00eancia\u201d, disse Bolsonaro, ao ser interpelado por um simpatizante que se queixou de medidas do governador do Distrito Federal, Ibaneis Rocha (MDB), que determinou o fechamento de com\u00e9rcios e a suspens\u00e3o de aulas.<\/p>\n\n\n\n<p>\u201cEsse v\u00edrus \u00e9 igual a uma chuva. Vai molhar 70% de voc\u00eas. Isso ningu\u00e9m contesta. Toda a na\u00e7\u00e3o vai ficar livre da pandemia depois que 70% for infectado e conseguir os anticorpos. Desses 70%, uma pequena parte, os idosos e quem t\u00eam problema de sa\u00fade, vai ter problema s\u00e9rio e vai passar por isso tamb\u00e9m.\u201d<\/p>\n\n\n\n<p>\u201cO que est\u00e3o fazendo [com o isolamento social] \u00e9 adiar [a transmiss\u00e3o do Covid-19] para ter espa\u00e7o nos hospitais. Mas tem um detalhe: a sociedade n\u00e3o aguenta ficar dois, tr\u00eas meses parada. Vai quebrar tudo\u201d, afirmou Bolsonaro.<\/p>\n\n\n\n<p>Um dia antes, Bolsonaro reconheceu que ainda n\u00e3o tem apoio popular suficiente para determinar uma reabertura da atividade comercial no pa\u00eds.<\/p>\n\n\n\n<p>Em entrevista \u00e0 r\u00e1dio Jovem Pan, ele disse que pode tomar uma decis\u00e3o por meio de um projeto, mas que precisa estar amparado por um apoio maior da sociedade.<\/p>\n\n\n\n<p>\u201cEu estou esperando o povo pedir mais, porque o que eu tenho de base de apoio s\u00e3o alguns parlamentares. Tudo bem, n\u00e3o \u00e9 maioria, mas tenho o povo do nosso lado. Eu s\u00f3 posso posso tomar certas decis\u00f5es com o povo estando comigo\u201d, afirmou.<\/p>\n\n\n\n<p>\u201cPara abrir com\u00e9rcio, eu posso abrir em uma canetada. Enquanto o Supremo e o Legislativo n\u00e3o suspenderem os efeitos do meu decreto, o com\u00e9rcio vai ser aberto. \u00c9 assim que funciona, na base da lei.\u201d<\/p>\n\n\n\n<p>O presidente defendeu que, a partir da pr\u00f3xima segunda-feira (6), estados e munic\u00edpios determinem uma reabertura gradual da atividade comercial, evitando um aumento no desemprego.<\/p>\n\n\n\n<p>Ele ressaltou que j\u00e1 tem pronto em sua mesa um modelo de proposta para determinar que os estabelecimentos comerciais sejam considerados uma atividade essencial durante a pandemia do coronav\u00edrus.<\/p>\n\n\n\n<p>\u201cEu tenho um projeto de decreto pronto na minha frente para ser assinado, se preciso for, considerando atividade essencial toda aquela exercida pelo homem e pela mulher atrav\u00e9s da qual seja indispens\u00e1vel para levar o p\u00e3o para a casa todo dia\u201d, disse.<\/p>\n\n\n\n<p>O presidente ressaltou, no entanto, que tem sofrido amea\u00e7as para n\u00e3o assin\u00e1-la, entre elas at\u00e9 mesmo a abertura de um processo de impeachment no Legislativo. Ele n\u00e3o especificou, no entanto, quem o tem amea\u00e7ado.<\/p>\n\n\n\n<p>\u201cEu, como chefe de Estado, tenho de decidir. Se tiver que chegar a esse momento, eu vou assinar essa medida provis\u00f3ria. Agora, sei que tem ame\u00e7a de tudo o que \u00e9 lugar para cima de mim se eu vier a assinar. At\u00e9 de san\u00e7\u00f5es tipo buscar um afastamento, sem qualquer amparo legal para isso.\u201d<\/p>\n\n\n\n<p>Para o presidente, ap\u00f3s a pandemia do coronav\u00edrus, a economia brasileira levar\u00e1 um ano para se recuperar. Na entrevista, ele disse ainda que far\u00e1 um chamado nacional para que a popula\u00e7\u00e3o brasileira fa\u00e7a um dia de jejum religioso para que o pa\u00eds \u201cfique livre desse mal\u201d.<\/p>\n\n\n\n<p>Na entrevista, o presidente voltou a fazer cr\u00edticas a prefeitos e governadores que adotaram medidas restritivas diante da pandemia da doen\u00e7a. O mais atacado foi o governador de S\u00e3o Paulo, Jo\u00e3o Doria (PSDB).<\/p>\n\n\n\n<p>Bolsonaro disse que Doria faz \u201cpol\u00edtica o tempo todo\u201d e recorre a \u201cdemagogia barata\u201d. Segundo o presidente, como porta-voz dos governadores do pa\u00eds, o tucano \u00e9 \u201cp\u00e9ssimo em todos os aspectos\u201d.<\/p>\n","protected":false},"excerpt":{"rendered":"<p>Em mais uma cr\u00edtica \u00e0s a\u00e7\u00f5es de isolamento social tomadas por governadores, o presidente Jair Bolsonaro (sem partido) afirmou nesta sexta-feira (3) que a sociedade&hellip; <\/p>\n","protected":false},"author":2,"featured_media":162045,"comment_status":"closed","ping_status":"closed","sticky":false,"template":"","format":"standard","meta":{"sfsi_plus_gutenberg_text_before_share":"","sfsi_plus_gutenberg_show_text_before_share":"","sfsi_plus_gutenberg_icon_type":"","sfsi_plus_gutenberg_icon_alignemt":"","sfsi_plus_gutenburg_max_per_row":"","footnotes":""},"categories":[11],"tags":[],"class_list":["post-162044","post","type-post","status-publish","format-standard","has-post-thumbnail","hentry","category-politica"],"_links":{"self":[{"href":"https:\/\/www.caririemacao.com\/1\/wp-json\/wp\/v2\/posts\/162044","targetHints":{"allow":["GET"]}}],"collection":[{"href":"https:\/\/www.caririemacao.com\/1\/wp-json\/wp\/v2\/posts"}],"about":[{"href":"https:\/\/www.caririemacao.com\/1\/wp-json\/wp\/v2\/types\/post"}],"author":[{"embeddable":true,"href":"https:\/\/www.caririemacao.com\/1\/wp-json\/wp\/v2\/users\/2"}],"replies":[{"embeddable":true,"href":"https:\/\/www.caririemacao.com\/1\/wp-json\/wp\/v2\/comments?post=162044"}],"version-history":[{"count":1,"href":"https:\/\/www.caririemacao.com\/1\/wp-json\/wp\/v2\/posts\/162044\/revisions"}],"predecessor-version":[{"id":162046,"href":"https:\/\/www.caririemacao.com\/1\/wp-json\/wp\/v2\/posts\/162044\/revisions\/162046"}],"wp:featuredmedia":[{"embeddable":true,"href":"https:\/\/www.caririemacao.com\/1\/wp-json\/wp\/v2\/media\/162045"}],"wp:attachment":[{"href":"https:\/\/www.caririemacao.com\/1\/wp-json\/wp\/v2\/media?parent=162044"}],"wp:term":[{"taxonomy":"category","embeddable":true,"href":"https:\/\/www.caririemacao.com\/1\/wp-json\/wp\/v2\/categories?post=162044"},{"taxonomy":"post_tag","embeddable":true,"href":"https:\/\/www.caririemacao.com\/1\/wp-json\/wp\/v2\/tags?post=162044"}],"curies":[{"name":"wp","href":"https:\/\/api.w.org\/{rel}","templated":true}]}}