{"id":162054,"date":"2020-04-03T13:47:56","date_gmt":"2020-04-03T16:47:56","guid":{"rendered":"http:\/\/www.caririemacao.com\/1\/?p=162054"},"modified":"2020-04-03T13:47:57","modified_gmt":"2020-04-03T16:47:57","slug":"policiais-militares-tocam-musicas-pelas-ruas-de-cidades-da-paraiba-durante-pandemia-de-coronavirus","status":"publish","type":"post","link":"https:\/\/www.caririemacao.com\/1\/2020\/04\/03\/policiais-militares-tocam-musicas-pelas-ruas-de-cidades-da-paraiba-durante-pandemia-de-coronavirus\/","title":{"rendered":"Policiais militares tocam m\u00fasicas pelas ruas de cidades da Para\u00edba, durante pandemia de coronav\u00edrus"},"content":{"rendered":"\n<p>Integrantes da Patrulha Nacional da Pol\u00edcia Militar da Para\u00edba tocaram m\u00fasicas pelas ruas de Jo\u00e3o Pessoa, Campina Grande e Patos, na noite de quinta-feira (2). De acordo com a pol\u00edcia, os m\u00fasicos se dividiram por diversos pontos das cidades para evitar aglomera\u00e7\u00f5es.<\/p>\n\n\n\n<p>Conforme a PM, os policiais foram \u00e0s ruas refor\u00e7ar a seguran\u00e7a por causa dos roubos, arrombamentos e outros crimes, por\u00e9m, em Jo\u00e3o Pessoa, Campina Grande e Patos, antes de iniciarem as rondas, os integrantes das bandas de m\u00fasica tocaram can\u00e7\u00f5es para a popula\u00e7\u00e3o.<\/p>\n\n\n\n<p>Em Campina Grande, os policiais m\u00fasicos, em equipe reduzida, sa\u00edram tocando nas ruas de alguns bairros. J\u00e1 em Jo\u00e3o Pessoa, os policiais usaram um carro de som no Parque Parahyba I, no bairro do Bessa. Na cidade de Patos a a\u00e7\u00e3o foi em apenas uma rua.<\/p>\n\n\n\n<p>Segundo os policiais, a iniciativa teve como objetivo alegrar as pessoas que est\u00e3o cumprindo o distanciamento social recomendado pelas autoridades durante a pandemia do novo coronav\u00edrus.<\/p>\n\n\n\n<p>\u201cO objetivo da a\u00e7\u00e3o \u00e9 levar refor\u00e7o policial para as ruas e m\u00fasicas para dentro das casas e apartamentos das pessoas que est\u00e3o corretamente obedecendo as recomenda\u00e7\u00f5es dos \u00f3rg\u00e3os de sa\u00fade, de manter neste momento o isolamento social\u201d, afirmou o comandante-geral da PM, coronel Euller Chaves.<\/p>\n\n\n\n<p><em>G1 PB<\/em><\/p>\n","protected":false},"excerpt":{"rendered":"<p>Integrantes da Patrulha Nacional da Pol\u00edcia Militar da Para\u00edba tocaram m\u00fasicas pelas ruas de Jo\u00e3o Pessoa, Campina Grande e Patos, na noite de quinta-feira (2).&hellip; <\/p>\n","protected":false},"author":2,"featured_media":162055,"comment_status":"closed","ping_status":"closed","sticky":false,"template":"","format":"standard","meta":{"sfsi_plus_gutenberg_text_before_share":"","sfsi_plus_gutenberg_show_text_before_share":"","sfsi_plus_gutenberg_icon_type":"","sfsi_plus_gutenberg_icon_alignemt":"","sfsi_plus_gutenburg_max_per_row":"","footnotes":""},"categories":[2],"tags":[],"class_list":["post-162054","post","type-post","status-publish","format-standard","has-post-thumbnail","hentry","category-geral"],"_links":{"self":[{"href":"https:\/\/www.caririemacao.com\/1\/wp-json\/wp\/v2\/posts\/162054","targetHints":{"allow":["GET"]}}],"collection":[{"href":"https:\/\/www.caririemacao.com\/1\/wp-json\/wp\/v2\/posts"}],"about":[{"href":"https:\/\/www.caririemacao.com\/1\/wp-json\/wp\/v2\/types\/post"}],"author":[{"embeddable":true,"href":"https:\/\/www.caririemacao.com\/1\/wp-json\/wp\/v2\/users\/2"}],"replies":[{"embeddable":true,"href":"https:\/\/www.caririemacao.com\/1\/wp-json\/wp\/v2\/comments?post=162054"}],"version-history":[{"count":1,"href":"https:\/\/www.caririemacao.com\/1\/wp-json\/wp\/v2\/posts\/162054\/revisions"}],"predecessor-version":[{"id":162056,"href":"https:\/\/www.caririemacao.com\/1\/wp-json\/wp\/v2\/posts\/162054\/revisions\/162056"}],"wp:featuredmedia":[{"embeddable":true,"href":"https:\/\/www.caririemacao.com\/1\/wp-json\/wp\/v2\/media\/162055"}],"wp:attachment":[{"href":"https:\/\/www.caririemacao.com\/1\/wp-json\/wp\/v2\/media?parent=162054"}],"wp:term":[{"taxonomy":"category","embeddable":true,"href":"https:\/\/www.caririemacao.com\/1\/wp-json\/wp\/v2\/categories?post=162054"},{"taxonomy":"post_tag","embeddable":true,"href":"https:\/\/www.caririemacao.com\/1\/wp-json\/wp\/v2\/tags?post=162054"}],"curies":[{"name":"wp","href":"https:\/\/api.w.org\/{rel}","templated":true}]}}