{"id":162059,"date":"2020-04-03T13:51:19","date_gmt":"2020-04-03T16:51:19","guid":{"rendered":"http:\/\/www.caririemacao.com\/1\/?p=162059"},"modified":"2020-04-03T13:51:21","modified_gmt":"2020-04-03T16:51:21","slug":"pesquisa-aponta-que-93-dos-empresarios-paraibanos-tiveram-reducao-no-faturamento-por-causa-da-pandemia","status":"publish","type":"post","link":"https:\/\/www.caririemacao.com\/1\/2020\/04\/03\/pesquisa-aponta-que-93-dos-empresarios-paraibanos-tiveram-reducao-no-faturamento-por-causa-da-pandemia\/","title":{"rendered":"Pesquisa aponta que 93% dos empres\u00e1rios paraibanos tiveram redu\u00e7\u00e3o no faturamento por causa da pandemia"},"content":{"rendered":"\n<p>Identificar os principais impactos causados pela pandemia do coronav\u00edrus nas micro e pequenas empresas e verificar como elas est\u00e3o se mobilizando para enfrentar a crise. Esse \u00e9 o objetivo de uma pesquisa realizada pelo Sebrae Nacional entre os dias 19 e 23 de mar\u00e7o, que na Para\u00edba ouviu 90 empreendedores de pequenos neg\u00f3cios. Conforme os n\u00fameros, 93% deles disseram que o seu faturamento mensal diminuiu por conta da crise, 4% relataram que ele permaneceu igual, enquanto 1% verificou aumento no volume de vendas.<\/p>\n\n\n\n<p>Ainda abordando o faturamento mensal dos neg\u00f3cios, a pesquisa revelou que a maioria dos entrevistados, 73%, teve perdas superiores a 50%, seguidos por outros 10% que tiveram em seu faturamento perdas entre 41% e 50%. Os demais entrevistados, que somam 14%, relataram perdas que variam entre 1% e 40%. Outros 4% n\u00e3o souberam ou n\u00e3o responderam. &nbsp;<\/p>\n\n\n\n<p>Ainda abordando a crise provocada pelo coronav\u00edrus, o Sebrae perguntou aos entrevistados por quanto tempo eles acreditam que podem manter os seus neg\u00f3cios, sem fech\u00e1-los permanentemente, com as restri\u00e7\u00f5es de movimenta\u00e7\u00e3o de pessoas adotadas at\u00e9 agora no Brasil.&nbsp;<\/p>\n\n\n\n<p>Segundo os n\u00fameros, 41% dos empres\u00e1rios paraibanos disseram que podem manter o neg\u00f3cio por at\u00e9 um m\u00eas, seguidos por 28% que podem mant\u00ea-lo por um per\u00edodo entre dois e tr\u00eas meses. Em seguida, aparecem os 10% que conseguem manter a empresa por um per\u00edodo de tr\u00eas a quatro meses, 2% que conseguem faz\u00ea-lo entre cinco e seis meses, 1% por mais de seis meses e 18% que ainda n\u00e3o sabem ou n\u00e3o responderam.&nbsp;&nbsp;&nbsp;&nbsp; &nbsp;<\/p>\n\n\n\n<p>Outro dado importante revelado pela pesquisa aborda a necessidade de empr\u00e9stimo por parte dos pequenos neg\u00f3cios. Questionados se precisar\u00e3o utilizar esse recurso para manter a empresa em funcionamento, sem gerar demiss\u00f5es, 62,2% dos paraibanos entrevistados disseram que precisar\u00e3o de empr\u00e9stimo, enquanto 8,9% declararam que n\u00e3o e 28,9% afirmaram que ainda n\u00e3o sabem. &nbsp;<\/p>\n\n\n\n<p>Na avalia\u00e7\u00e3o da gerente de Estrat\u00e9gia do Sebrae Para\u00edba, Ivani Costa, os dados evidenciam de forma clara o impacto financeiro imediato provocado pela crise do coronav\u00edrus no faturamento dos pequenos neg\u00f3cios.<\/p>\n\n\n\n<p>\u201cAs respostas relacionadas ao faturamento refletem as perdas diretas j\u00e1 afetadas, com 83% dos respondentes indicando diminui\u00e7\u00e3o acima de 41% no volume de faturamento. Os n\u00fameros tamb\u00e9m apontam uma forte percep\u00e7\u00e3o dos empres\u00e1rios no que se refere \u00e0s incertezas quanto \u00e0 sustentabilidade financeira dos neg\u00f3cios, com 69% dos respondentes indicando que a resili\u00eancia no atual cen\u00e1rio de restri\u00e7\u00f5es dure at\u00e9 tr\u00eas ou quatro meses\u201d, pontuou.<\/p>\n\n\n\n<p><strong>Custos<\/strong>&nbsp;&#8211; Com o objetivo de dimensionar os custos e as necessidades dos neg\u00f3cios, o levantamento tamb\u00e9m traz dados sobre as despesas que mais pesam no bolso do empreendedor. Os custos com pessoal foram apontados por 49%, seguidos pelas despesas com mat\u00e9rias-primas (48%), aluguel (47%), impostos (38%), empr\u00e9stimos e d\u00edvidas (33%).<\/p>\n\n\n\n<p>Sobre os custos com as mat\u00e9rias-primas, por conta do coronav\u00edrus, os empreendedores disseram que: eles permaneceram iguais (33%), diminu\u00edram (30%) e aumentaram (28%). Outros 9% relataram n\u00e3o saber. J\u00e1 em rela\u00e7\u00e3o as despesas com pessoal, 57% declararam que elas permanecem iguais, 26% que aumentaram e 10% que elas diminu\u00edram. Outros 7% n\u00e3o responderam. Quando o questionamento abordou os custos com aluguel, os entrevistados relataram que: as despesas permaneceram iguais (79%), aumentaram (14%) e diminu\u00edram (2%). Nesse caso, outros 5% n\u00e3o responderam.<\/p>\n","protected":false},"excerpt":{"rendered":"<p>Identificar os principais impactos causados pela pandemia do coronav\u00edrus nas micro e pequenas empresas e verificar como elas est\u00e3o se mobilizando para enfrentar a crise.&hellip; <\/p>\n","protected":false},"author":2,"featured_media":162060,"comment_status":"closed","ping_status":"closed","sticky":false,"template":"","format":"standard","meta":{"sfsi_plus_gutenberg_text_before_share":"","sfsi_plus_gutenberg_show_text_before_share":"","sfsi_plus_gutenberg_icon_type":"","sfsi_plus_gutenberg_icon_alignemt":"","sfsi_plus_gutenburg_max_per_row":"","footnotes":""},"categories":[2],"tags":[],"class_list":["post-162059","post","type-post","status-publish","format-standard","has-post-thumbnail","hentry","category-geral"],"_links":{"self":[{"href":"https:\/\/www.caririemacao.com\/1\/wp-json\/wp\/v2\/posts\/162059","targetHints":{"allow":["GET"]}}],"collection":[{"href":"https:\/\/www.caririemacao.com\/1\/wp-json\/wp\/v2\/posts"}],"about":[{"href":"https:\/\/www.caririemacao.com\/1\/wp-json\/wp\/v2\/types\/post"}],"author":[{"embeddable":true,"href":"https:\/\/www.caririemacao.com\/1\/wp-json\/wp\/v2\/users\/2"}],"replies":[{"embeddable":true,"href":"https:\/\/www.caririemacao.com\/1\/wp-json\/wp\/v2\/comments?post=162059"}],"version-history":[{"count":1,"href":"https:\/\/www.caririemacao.com\/1\/wp-json\/wp\/v2\/posts\/162059\/revisions"}],"predecessor-version":[{"id":162061,"href":"https:\/\/www.caririemacao.com\/1\/wp-json\/wp\/v2\/posts\/162059\/revisions\/162061"}],"wp:featuredmedia":[{"embeddable":true,"href":"https:\/\/www.caririemacao.com\/1\/wp-json\/wp\/v2\/media\/162060"}],"wp:attachment":[{"href":"https:\/\/www.caririemacao.com\/1\/wp-json\/wp\/v2\/media?parent=162059"}],"wp:term":[{"taxonomy":"category","embeddable":true,"href":"https:\/\/www.caririemacao.com\/1\/wp-json\/wp\/v2\/categories?post=162059"},{"taxonomy":"post_tag","embeddable":true,"href":"https:\/\/www.caririemacao.com\/1\/wp-json\/wp\/v2\/tags?post=162059"}],"curies":[{"name":"wp","href":"https:\/\/api.w.org\/{rel}","templated":true}]}}