{"id":162067,"date":"2020-04-03T14:03:07","date_gmt":"2020-04-03T17:03:07","guid":{"rendered":"http:\/\/www.caririemacao.com\/1\/?p=162067"},"modified":"2020-04-03T14:03:09","modified_gmt":"2020-04-03T17:03:09","slug":"covid-19-estudos-mostram-que-o-virus-da-doenca-tambem-circula-no-ar","status":"publish","type":"post","link":"https:\/\/www.caririemacao.com\/1\/2020\/04\/03\/covid-19-estudos-mostram-que-o-virus-da-doenca-tambem-circula-no-ar\/","title":{"rendered":"Covid-19: estudos mostram que o v\u00edrus da doen\u00e7a tamb\u00e9m circula no ar"},"content":{"rendered":"\n<p>O Massachussets Institute of Technology publicou na revista da Associa\u00e7\u00e3o M\u00e9dica Americana, a Jama, que o novo coronav\u00edrus tamb\u00e9m pode cobrir dist\u00e2ncias de 7 a 8 metros, ao ser transmitido por meio do espirro de algu\u00e9m infectado.<\/p>\n\n\n\n<p>Por isso, ganha for\u00e7a a recomenda\u00e7\u00e3o para que todos usem m\u00e1scaras quando sa\u00edrem \u00e0 rua, forem fazer compras ou permanecerem no trabalho.<\/p>\n\n\n\n<p>Ouvida pela BBC sobre o assunto, a OMS afirmou: \u201cEstamos estudando as novas evid\u00eancias cient\u00edficas e prontos a mudar de posi\u00e7\u00e3o, se necess\u00e1rio.\u201d<\/p>\n\n\n\n<p>At\u00e9 agora, a OMS recomenda o uso de m\u00e1scara para pessoas com sintomas semelhantes aos da Covid-19 e aquelas que cuidam de pessoa igualmente sintom\u00e1ticas ou com a doen\u00e7a diagnosticada.<\/p>\n\n\n\n<p>Alguns pa\u00edses acharam mais prudente adiantar-se \u00e0 OMS. Na \u00c1ustria, a partir da semana que vem, ser\u00e1 obrigat\u00f3rio o uso de m\u00e1scaras para entrar em supermercados. Na Eslov\u00e1quia e Rep\u00fablica Tcheca, ningu\u00e9m poder\u00e1 sair de casa sem m\u00e1scara.<\/p>\n","protected":false},"excerpt":{"rendered":"<p>O Massachussets Institute of Technology publicou na revista da Associa\u00e7\u00e3o M\u00e9dica Americana, a Jama, que o novo coronav\u00edrus tamb\u00e9m pode cobrir dist\u00e2ncias de 7 a&hellip; <\/p>\n","protected":false},"author":2,"featured_media":162068,"comment_status":"closed","ping_status":"closed","sticky":false,"template":"","format":"standard","meta":{"sfsi_plus_gutenberg_text_before_share":"","sfsi_plus_gutenberg_show_text_before_share":"","sfsi_plus_gutenberg_icon_type":"","sfsi_plus_gutenberg_icon_alignemt":"","sfsi_plus_gutenburg_max_per_row":"","footnotes":""},"categories":[2],"tags":[],"class_list":["post-162067","post","type-post","status-publish","format-standard","has-post-thumbnail","hentry","category-geral"],"_links":{"self":[{"href":"https:\/\/www.caririemacao.com\/1\/wp-json\/wp\/v2\/posts\/162067","targetHints":{"allow":["GET"]}}],"collection":[{"href":"https:\/\/www.caririemacao.com\/1\/wp-json\/wp\/v2\/posts"}],"about":[{"href":"https:\/\/www.caririemacao.com\/1\/wp-json\/wp\/v2\/types\/post"}],"author":[{"embeddable":true,"href":"https:\/\/www.caririemacao.com\/1\/wp-json\/wp\/v2\/users\/2"}],"replies":[{"embeddable":true,"href":"https:\/\/www.caririemacao.com\/1\/wp-json\/wp\/v2\/comments?post=162067"}],"version-history":[{"count":1,"href":"https:\/\/www.caririemacao.com\/1\/wp-json\/wp\/v2\/posts\/162067\/revisions"}],"predecessor-version":[{"id":162069,"href":"https:\/\/www.caririemacao.com\/1\/wp-json\/wp\/v2\/posts\/162067\/revisions\/162069"}],"wp:featuredmedia":[{"embeddable":true,"href":"https:\/\/www.caririemacao.com\/1\/wp-json\/wp\/v2\/media\/162068"}],"wp:attachment":[{"href":"https:\/\/www.caririemacao.com\/1\/wp-json\/wp\/v2\/media?parent=162067"}],"wp:term":[{"taxonomy":"category","embeddable":true,"href":"https:\/\/www.caririemacao.com\/1\/wp-json\/wp\/v2\/categories?post=162067"},{"taxonomy":"post_tag","embeddable":true,"href":"https:\/\/www.caririemacao.com\/1\/wp-json\/wp\/v2\/tags?post=162067"}],"curies":[{"name":"wp","href":"https:\/\/api.w.org\/{rel}","templated":true}]}}