{"id":162071,"date":"2020-04-03T14:05:33","date_gmt":"2020-04-03T17:05:33","guid":{"rendered":"http:\/\/www.caririemacao.com\/1\/?p=162071"},"modified":"2020-04-03T14:05:35","modified_gmt":"2020-04-03T17:05:35","slug":"maia-diz-que-falta-de-compreensao-em-partes-do-governo-sobre-coronavirus-atrasa-planejamento-da-saude","status":"publish","type":"post","link":"https:\/\/www.caririemacao.com\/1\/2020\/04\/03\/maia-diz-que-falta-de-compreensao-em-partes-do-governo-sobre-coronavirus-atrasa-planejamento-da-saude\/","title":{"rendered":"Maia diz que falta de compreens\u00e3o em partes do governo sobre coronav\u00edrus &#8216;atrasa&#8217; planejamento da Sa\u00fade"},"content":{"rendered":"\n<p>O presidente da C\u00e2mara, Rodrigo Maia (DEM-RJ), afirmou nesta sexta-feira (3) que a falta de compreens\u00e3o em partes do governo sobre os riscos da pandemia de coronav\u00edrus &#8220;atrasam&#8221; o planejamento do Minist\u00e9rio da Sa\u00fade. Maia tamb\u00e9m disse que o ministro da Sa\u00fade, Luiz Henrique Mandetta, vem fazendo alertas &#8220;h\u00e1 algum tempo&#8221; que, se houvessem sido seguidos, o pa\u00eds poderia ter se organizado melhor.<\/p>\n\n\n\n<p>Maia deu a declara\u00e7\u00e3o durante uma videoconfer\u00eancia que discute a\u00e7\u00f5es para amenizar os impactos da crise no pa\u00eds. Ele n\u00e3o especificou quais s\u00e3o, na opini\u00e3o dele, os setores do governo que n\u00e3o t\u00eam compreens\u00e3o sobre os riscos do coronav\u00edrus.<\/p>\n\n\n\n<p>Nesta quinta (2), o presidente Jair Bolsonaro explicitou diferen\u00e7as com Mandetta. Ele disse que os dois v\u00eam se &#8220;bicando&#8221; h\u00e1 algum tempo. Bolsonaro \u00e9 contra, por exemplo, o isolamento social para conter o v\u00edrus, medida defendida pelo ministro e por autoridades sanit\u00e1rias de todo mundo.<\/p>\n\n\n\n<p>Para Maia, faltou a alguns setores acreditarem que os impactos da pandemia seriam &#8220;muito grandes&#8221;.<\/p>\n\n\n\n<p>\u201cTalvez nesse tema as informa\u00e7\u00f5es que j\u00e1 t\u00ednhamos e os alertas que o ministro Mandetta j\u00e1 vem oferecendo h\u00e1 algum tempo, talvez n\u00f3s pud\u00e9ssemos ter tido uma a\u00e7\u00e3o para organizar melhor esse processo. Acho que em alguns setores faltou acreditar que os impactos seriam muito grandes. Na sa\u00fade as coisas caminham, mas tamb\u00e9m quando n\u00e3o tem uma compreens\u00e3o de todo o governo, isso acaba atrasando o planejamento do Minist\u00e9rio da Sa\u00fade&#8221;, afirmou Maia.<\/p>\n\n\n\n<p>Ainda de acordo com o presidente da C\u00e2mara, a &#8220;ficha demorou a cair&#8221; em alguns setores sobre o impacto que a pandemia teria na economia.<\/p>\n\n\n\n<p>Ap\u00f3s cr\u00edticas de Bolsonaro, Mandetta diz que seguir\u00e1 trabalhando: \u2018Foco na doen\u00e7a\u2019<br>Maia afirmou que, nas \u00faltimas duas semanas, come\u00e7ou a haver um entendimento maior, dentro do governo, sobre o que o poder p\u00fablico deve fazer diante da crise.<\/p>\n\n\n\n<p>\u201cEu acredito que de dois finais de semana para c\u00e1 eles come\u00e7aram a compreender o que era fundamental, que n\u00e3o tinha sa\u00edda se n\u00e3o passasse pelo governo federal. Como demorou um pouco para ter essa compreens\u00e3o, e eu respeito, porque eles estavam numa linha de reformas, todas muito corretas, acho que estava todo mundo trabalhando em conjunto na linha certa, de melhor a qualidade do gasto p\u00fablico, melhor a qualidade do servi\u00e7o p\u00fablico, mas acho que demoraram um pouco, acontece\u201d, afirmou.<\/p>\n\n\n\n<p>Nos \u00faltimos dias, o governo tem anunciado medidas, como o aux\u00edlio de R$ 600 mensais para trabalhadores informais e a complementa\u00e7\u00e3o do sal\u00e1rio de trabalhadores da iniciativa privada que tiverem jornada e ganhos reduzidos.<\/p>\n\n\n\n<p>Para Maia, o pa\u00eds n\u00e3o pode ter &#8220;vergonha&#8221; de gastar neste &#8220;momento de guerra&#8221;.<\/p>\n\n\n\n<p>\u201cAcho que o Brasil n\u00e3o pode ter vergonha de gastar. Acho que aqueles que t\u00eam uma cabe\u00e7a liberal ficam sempre constrangidos em gastar. O que eles t\u00eam que entender \u00e9 que est\u00e3o vivendo um momento de guerra. Em momento de guerra n\u00e3o tem constrangimento para gasto p\u00fablico\u201d, disse o presidente da C\u00e2mara.<\/p>\n\n\n\n<p>Ele lamentou o pa\u00eds n\u00e3o ter aprovado um &#8220;grande pacote&#8221; para lidar com os impactos do coronav\u00edrus.<\/p>\n\n\n\n<p>&#8220;Acho que isso talvez tenha nos faltado. Ter um grande pacote, um grande debate do governo dentro do parlamento, C\u00e2mara e Senado, e fazer a vota\u00e7\u00e3o de um grande pacote para que a previsibilidade tivesse garantida no curto prazo. N\u00e3o foi assim\u201d, concluiu.<\/p>\n","protected":false},"excerpt":{"rendered":"<p>O presidente da C\u00e2mara, Rodrigo Maia (DEM-RJ), afirmou nesta sexta-feira (3) que a falta de compreens\u00e3o em partes do governo sobre os riscos da pandemia&hellip; <\/p>\n","protected":false},"author":2,"featured_media":162072,"comment_status":"closed","ping_status":"closed","sticky":false,"template":"","format":"standard","meta":{"sfsi_plus_gutenberg_text_before_share":"","sfsi_plus_gutenberg_show_text_before_share":"","sfsi_plus_gutenberg_icon_type":"","sfsi_plus_gutenberg_icon_alignemt":"","sfsi_plus_gutenburg_max_per_row":"","footnotes":""},"categories":[2],"tags":[],"class_list":["post-162071","post","type-post","status-publish","format-standard","has-post-thumbnail","hentry","category-geral"],"_links":{"self":[{"href":"https:\/\/www.caririemacao.com\/1\/wp-json\/wp\/v2\/posts\/162071","targetHints":{"allow":["GET"]}}],"collection":[{"href":"https:\/\/www.caririemacao.com\/1\/wp-json\/wp\/v2\/posts"}],"about":[{"href":"https:\/\/www.caririemacao.com\/1\/wp-json\/wp\/v2\/types\/post"}],"author":[{"embeddable":true,"href":"https:\/\/www.caririemacao.com\/1\/wp-json\/wp\/v2\/users\/2"}],"replies":[{"embeddable":true,"href":"https:\/\/www.caririemacao.com\/1\/wp-json\/wp\/v2\/comments?post=162071"}],"version-history":[{"count":1,"href":"https:\/\/www.caririemacao.com\/1\/wp-json\/wp\/v2\/posts\/162071\/revisions"}],"predecessor-version":[{"id":162073,"href":"https:\/\/www.caririemacao.com\/1\/wp-json\/wp\/v2\/posts\/162071\/revisions\/162073"}],"wp:featuredmedia":[{"embeddable":true,"href":"https:\/\/www.caririemacao.com\/1\/wp-json\/wp\/v2\/media\/162072"}],"wp:attachment":[{"href":"https:\/\/www.caririemacao.com\/1\/wp-json\/wp\/v2\/media?parent=162071"}],"wp:term":[{"taxonomy":"category","embeddable":true,"href":"https:\/\/www.caririemacao.com\/1\/wp-json\/wp\/v2\/categories?post=162071"},{"taxonomy":"post_tag","embeddable":true,"href":"https:\/\/www.caririemacao.com\/1\/wp-json\/wp\/v2\/tags?post=162071"}],"curies":[{"name":"wp","href":"https:\/\/api.w.org\/{rel}","templated":true}]}}