{"id":162075,"date":"2020-04-03T14:28:13","date_gmt":"2020-04-03T17:28:13","guid":{"rendered":"http:\/\/www.caririemacao.com\/1\/?p=162075"},"modified":"2020-04-03T14:28:15","modified_gmt":"2020-04-03T17:28:15","slug":"pesquisa-sobre-coronavirus-indica-baixa-consciencia-da-crise","status":"publish","type":"post","link":"https:\/\/www.caririemacao.com\/1\/2020\/04\/03\/pesquisa-sobre-coronavirus-indica-baixa-consciencia-da-crise\/","title":{"rendered":"Pesquisa sobre coronav\u00edrus indica baixa consci\u00eancia da crise"},"content":{"rendered":"\n<p>Pesquisa realizada por uma equipe liderada pela professora Muto Kaori, do Instituto de Ci\u00eancias M\u00e9dicas da Universidade de T\u00f3quio, mostra que a maioria das pessoas toma medidas contra o coronav\u00edrus, como lavar as m\u00e3os, mas somente cerca de 40% sabem como proceder em caso de se infectarem com o v\u00edrus.<\/p>\n\n\n\n<p>O grupo conduziu uma pesquisa online, no fim&nbsp;do m\u00eas de mar\u00e7o, com 11 mil&nbsp;pessoas com idade&nbsp;entre 20 e 69 anos.<\/p>\n\n\n\n<p>Perguntadas sobre o que est\u00e3o fazendo para se proteger contra o v\u00edrus, 76,4% responderam que est\u00e3o tomando algumas medidas, enquanto, 4,5% disseram que n\u00e3o est\u00e3o fazendo nada. A taxa de pessoas que tomam medidas preventivas \u00e9 mais alta entre os&nbsp;idosos e mais baixa entre aquelas na faixa dos 20 anos.<\/p>\n\n\n\n<p>Sobre medidas preventivas est\u00e3o tomando, 86,8% disseram que n\u00e3o v\u00e3o a grandes eventos; 86,4% responderam que lavam as m\u00e3os frequentemente; e 80,5%, que evitam lugares com ventila\u00e7\u00e3o prec\u00e1ria ou com aglomera\u00e7\u00e3o de pessoas, assim como locais onde pessoas conversam pr\u00f3ximas umas das outras.<\/p>\n\n\n\n<p>A pesquisa tamb\u00e9m revela que somente 41,5% disseram que sabem a quem consultar e que meios de transporte usar&nbsp;quando adoecem. Apenas 26,3% responderam que evitam contato com pessoas idosas.<\/p>\n","protected":false},"excerpt":{"rendered":"<p>Pesquisa realizada por uma equipe liderada pela professora Muto Kaori, do Instituto de Ci\u00eancias M\u00e9dicas da Universidade de T\u00f3quio, mostra que a maioria das pessoas&hellip; <\/p>\n","protected":false},"author":2,"featured_media":162076,"comment_status":"closed","ping_status":"closed","sticky":false,"template":"","format":"standard","meta":{"sfsi_plus_gutenberg_text_before_share":"","sfsi_plus_gutenberg_show_text_before_share":"","sfsi_plus_gutenberg_icon_type":"","sfsi_plus_gutenberg_icon_alignemt":"","sfsi_plus_gutenburg_max_per_row":"","footnotes":""},"categories":[2],"tags":[],"class_list":["post-162075","post","type-post","status-publish","format-standard","has-post-thumbnail","hentry","category-geral"],"_links":{"self":[{"href":"https:\/\/www.caririemacao.com\/1\/wp-json\/wp\/v2\/posts\/162075","targetHints":{"allow":["GET"]}}],"collection":[{"href":"https:\/\/www.caririemacao.com\/1\/wp-json\/wp\/v2\/posts"}],"about":[{"href":"https:\/\/www.caririemacao.com\/1\/wp-json\/wp\/v2\/types\/post"}],"author":[{"embeddable":true,"href":"https:\/\/www.caririemacao.com\/1\/wp-json\/wp\/v2\/users\/2"}],"replies":[{"embeddable":true,"href":"https:\/\/www.caririemacao.com\/1\/wp-json\/wp\/v2\/comments?post=162075"}],"version-history":[{"count":1,"href":"https:\/\/www.caririemacao.com\/1\/wp-json\/wp\/v2\/posts\/162075\/revisions"}],"predecessor-version":[{"id":162077,"href":"https:\/\/www.caririemacao.com\/1\/wp-json\/wp\/v2\/posts\/162075\/revisions\/162077"}],"wp:featuredmedia":[{"embeddable":true,"href":"https:\/\/www.caririemacao.com\/1\/wp-json\/wp\/v2\/media\/162076"}],"wp:attachment":[{"href":"https:\/\/www.caririemacao.com\/1\/wp-json\/wp\/v2\/media?parent=162075"}],"wp:term":[{"taxonomy":"category","embeddable":true,"href":"https:\/\/www.caririemacao.com\/1\/wp-json\/wp\/v2\/categories?post=162075"},{"taxonomy":"post_tag","embeddable":true,"href":"https:\/\/www.caririemacao.com\/1\/wp-json\/wp\/v2\/tags?post=162075"}],"curies":[{"name":"wp","href":"https:\/\/api.w.org\/{rel}","templated":true}]}}