{"id":162079,"date":"2020-04-03T14:29:47","date_gmt":"2020-04-03T17:29:47","guid":{"rendered":"http:\/\/www.caririemacao.com\/1\/?p=162079"},"modified":"2020-04-03T14:29:48","modified_gmt":"2020-04-03T17:29:48","slug":"monteiro-prefeitura-recupera-estradas-vicinais-de-05-comunidades-da-zona-rural","status":"publish","type":"post","link":"https:\/\/www.caririemacao.com\/1\/2020\/04\/03\/monteiro-prefeitura-recupera-estradas-vicinais-de-05-comunidades-da-zona-rural\/","title":{"rendered":"MONTEIRO: Prefeitura recupera estradas vicinais de 05 comunidades da zona rural"},"content":{"rendered":"\n<p>\u00a0A Prefeitura de Monteiro, concluiu nesta quinta-feira (02), os servi\u00e7os de recupera\u00e7\u00e3o de estradas vicinais de 05 comunidades da zona rural. Somente nesta quinta-feira, foram atendidas as comunidades de Ipueira Funda, Malhada Vermelha, Paraguai, Pernambuquinho e Jabitac\u00e1.<\/p>\n\n\n\n<p>A opera\u00e7\u00e3o tapa buracos serviu para minimizar os efeitos das chuvas ca\u00eddas na regi\u00e3o nas \u00faltimas semanas e que provocaram a abertura de valas e a eros\u00e3o de v\u00e1rios trechos da estrada, que serve de liga\u00e7\u00e3o para centenas de fam\u00edlias de agricultores que usam a via para escoamento da produ\u00e7\u00e3o no campo e para a procura de servi\u00e7os na zona urbana.<\/p>\n\n\n\n<p>A prefeita Anna Lorena, atendendo uma reivindica\u00e7\u00e3o dos presidentes das associa\u00e7\u00f5es rurais, determinou a recupera\u00e7\u00e3o dos pontos cr\u00edticos, para facilitar o tr\u00e1fego das fam\u00edlias e garantiu o cumprimento do cronograma estabelecido na planilha de trabalho da Secretaria de Agricultura.<\/p>\n\n\n\n<p>\u201cApesar da paraliza\u00e7\u00e3o da grande maioria dos \u00f3rg\u00e3os de servi\u00e7o p\u00fablico, em raz\u00e3o da quarentena imposta pelos \u00f3rg\u00e3os de sa\u00fade, n\u00f3s estamos atuando em v\u00e1rias frentes, com toda a equipe da secretaria de servi\u00e7os rurais em plant\u00e3o permanente. Seja monitorando os a\u00e7udes e barragens ou fazendo a recupera\u00e7\u00e3o das vias principais das comunidades rurais, n\u00f3s estamos trabalhando para minimizar os efeitos das chuvas e, ao mesmo tempo, garantindo que a popula\u00e7\u00e3o possa se locomover com seguran\u00e7a quando necess\u00e1rio.\u201d Concluiu Lorena.<\/p>\n","protected":false},"excerpt":{"rendered":"<p>\u00a0A Prefeitura de Monteiro, concluiu nesta quinta-feira (02), os servi\u00e7os de recupera\u00e7\u00e3o de estradas vicinais de 05 comunidades da zona rural. Somente nesta quinta-feira, foram&hellip; <\/p>\n","protected":false},"author":2,"featured_media":162080,"comment_status":"closed","ping_status":"closed","sticky":false,"template":"","format":"standard","meta":{"sfsi_plus_gutenberg_text_before_share":"","sfsi_plus_gutenberg_show_text_before_share":"","sfsi_plus_gutenberg_icon_type":"","sfsi_plus_gutenberg_icon_alignemt":"","sfsi_plus_gutenburg_max_per_row":"","footnotes":""},"categories":[2],"tags":[],"class_list":["post-162079","post","type-post","status-publish","format-standard","has-post-thumbnail","hentry","category-geral"],"_links":{"self":[{"href":"https:\/\/www.caririemacao.com\/1\/wp-json\/wp\/v2\/posts\/162079","targetHints":{"allow":["GET"]}}],"collection":[{"href":"https:\/\/www.caririemacao.com\/1\/wp-json\/wp\/v2\/posts"}],"about":[{"href":"https:\/\/www.caririemacao.com\/1\/wp-json\/wp\/v2\/types\/post"}],"author":[{"embeddable":true,"href":"https:\/\/www.caririemacao.com\/1\/wp-json\/wp\/v2\/users\/2"}],"replies":[{"embeddable":true,"href":"https:\/\/www.caririemacao.com\/1\/wp-json\/wp\/v2\/comments?post=162079"}],"version-history":[{"count":1,"href":"https:\/\/www.caririemacao.com\/1\/wp-json\/wp\/v2\/posts\/162079\/revisions"}],"predecessor-version":[{"id":162081,"href":"https:\/\/www.caririemacao.com\/1\/wp-json\/wp\/v2\/posts\/162079\/revisions\/162081"}],"wp:featuredmedia":[{"embeddable":true,"href":"https:\/\/www.caririemacao.com\/1\/wp-json\/wp\/v2\/media\/162080"}],"wp:attachment":[{"href":"https:\/\/www.caririemacao.com\/1\/wp-json\/wp\/v2\/media?parent=162079"}],"wp:term":[{"taxonomy":"category","embeddable":true,"href":"https:\/\/www.caririemacao.com\/1\/wp-json\/wp\/v2\/categories?post=162079"},{"taxonomy":"post_tag","embeddable":true,"href":"https:\/\/www.caririemacao.com\/1\/wp-json\/wp\/v2\/tags?post=162079"}],"curies":[{"name":"wp","href":"https:\/\/api.w.org\/{rel}","templated":true}]}}