{"id":162261,"date":"2020-04-05T11:47:22","date_gmt":"2020-04-05T14:47:22","guid":{"rendered":"http:\/\/www.caririemacao.com\/1\/?p=162261"},"modified":"2020-04-05T11:47:24","modified_gmt":"2020-04-05T14:47:24","slug":"jefferson-roberto-assume-comando-do-cidadania-e-diz-que-uniao-continuara-fazendo-a-diferenca-em-sao-jose-dos-cordeiros","status":"publish","type":"post","link":"https:\/\/www.caririemacao.com\/1\/2020\/04\/05\/jefferson-roberto-assume-comando-do-cidadania-e-diz-que-uniao-continuara-fazendo-a-diferenca-em-sao-jose-dos-cordeiros\/","title":{"rendered":"Jefferson Roberto assume comando do Cidadania e diz que uni\u00e3o continuar\u00e1 fazendo a diferen\u00e7a em S\u00e3o Jos\u00e9 dos Cordeiros"},"content":{"rendered":"\n<p>O prefeito de S\u00e3o Jos\u00e9 dos Cordeiros, Jefferson Roberto, \u00e9 agora o novo presidente municipal do Cidadania, partido do governador Jo\u00e3o Azevedo. Jefferson se filiou \u00e0 nova legenda junto a alguns pr\u00e9-candidatos a vereador e articulou com o ex-prefeito Fernando Queiroz outra parte do grupo no PL, do deputado federal Wellington Roberto.<\/p>\n\n\n\n<p>Segundo o prefeito Jefferson Roberto, a uni\u00e3o em S\u00e3o Jos\u00e9 dos Cordeiros \u00e9 o motor para o sucesso administrativo que vem conduzindo a cidade por 11 anos. \u201cSubstitu\u00edmos a vaidade por vontade de trabalhar e compromisso com nosso povo. O resultado todo mundo pode ver. A cidade avan\u00e7a em obras e principalmente a\u00e7\u00f5es estruturantes, que beneficiam a todos, esteja na zona urbana ou na zona rural\u201d, destacou o gestor.<\/p>\n\n\n\n<p>Jefferson ainda disse que vai est\u00e1 sentando nas pr\u00f3ximas semanas com os demais l\u00edderes que fazem parte do grupo e com o ex-prefeito Fernando Queiroz, para definir as pr\u00e9-candidaturas majorit\u00e1ria e proporcional que representar\u00e1 o projeto exitoso que administra e continuar\u00e1 administrando S\u00e3o Jos\u00e9 dos Cordeiros.<\/p>\n\n\n\n<p><strong>De Olho no Cariri<\/strong><\/p>\n","protected":false},"excerpt":{"rendered":"<p>O prefeito de S\u00e3o Jos\u00e9 dos Cordeiros, Jefferson Roberto, \u00e9 agora o novo presidente municipal do Cidadania, partido do governador Jo\u00e3o Azevedo. Jefferson se filiou&hellip; <\/p>\n","protected":false},"author":2,"featured_media":162262,"comment_status":"closed","ping_status":"closed","sticky":false,"template":"","format":"standard","meta":{"sfsi_plus_gutenberg_text_before_share":"","sfsi_plus_gutenberg_show_text_before_share":"","sfsi_plus_gutenberg_icon_type":"","sfsi_plus_gutenberg_icon_alignemt":"","sfsi_plus_gutenburg_max_per_row":"","footnotes":""},"categories":[6],"tags":[],"class_list":["post-162261","post","type-post","status-publish","format-standard","has-post-thumbnail","hentry","category-cidades"],"_links":{"self":[{"href":"https:\/\/www.caririemacao.com\/1\/wp-json\/wp\/v2\/posts\/162261","targetHints":{"allow":["GET"]}}],"collection":[{"href":"https:\/\/www.caririemacao.com\/1\/wp-json\/wp\/v2\/posts"}],"about":[{"href":"https:\/\/www.caririemacao.com\/1\/wp-json\/wp\/v2\/types\/post"}],"author":[{"embeddable":true,"href":"https:\/\/www.caririemacao.com\/1\/wp-json\/wp\/v2\/users\/2"}],"replies":[{"embeddable":true,"href":"https:\/\/www.caririemacao.com\/1\/wp-json\/wp\/v2\/comments?post=162261"}],"version-history":[{"count":1,"href":"https:\/\/www.caririemacao.com\/1\/wp-json\/wp\/v2\/posts\/162261\/revisions"}],"predecessor-version":[{"id":162263,"href":"https:\/\/www.caririemacao.com\/1\/wp-json\/wp\/v2\/posts\/162261\/revisions\/162263"}],"wp:featuredmedia":[{"embeddable":true,"href":"https:\/\/www.caririemacao.com\/1\/wp-json\/wp\/v2\/media\/162262"}],"wp:attachment":[{"href":"https:\/\/www.caririemacao.com\/1\/wp-json\/wp\/v2\/media?parent=162261"}],"wp:term":[{"taxonomy":"category","embeddable":true,"href":"https:\/\/www.caririemacao.com\/1\/wp-json\/wp\/v2\/categories?post=162261"},{"taxonomy":"post_tag","embeddable":true,"href":"https:\/\/www.caririemacao.com\/1\/wp-json\/wp\/v2\/tags?post=162261"}],"curies":[{"name":"wp","href":"https:\/\/api.w.org\/{rel}","templated":true}]}}