{"id":162269,"date":"2020-04-05T11:50:39","date_gmt":"2020-04-05T14:50:39","guid":{"rendered":"http:\/\/www.caririemacao.com\/1\/?p=162269"},"modified":"2020-04-05T11:50:41","modified_gmt":"2020-04-05T14:50:41","slug":"carreatas-e-passeatas-sao-proibidas-na-paraiba-enquanto-durar-a-pandemia-de-coronavirus","status":"publish","type":"post","link":"https:\/\/www.caririemacao.com\/1\/2020\/04\/05\/carreatas-e-passeatas-sao-proibidas-na-paraiba-enquanto-durar-a-pandemia-de-coronavirus\/","title":{"rendered":"Carreatas e passeatas s\u00e3o proibidas na Para\u00edba enquanto durar a pandemia de coronav\u00edrus"},"content":{"rendered":"\n<p>Est\u00e3o proibidas, a partir deste s\u00e1bado (4), carreatas, passeatas e quaisquer eventos que promovam a aglomera\u00e7\u00e3o de pessoas em cidades e respectivas regi\u00f5es metropolitanas com casos confirmados da Covid-19. O descumprimento da medida restritiva pode acarretar na aplica\u00e7\u00e3o de multa de at\u00e9 R$ 50 mil, que ser\u00e1 destinada \u00e0s medidas de combate ao coronav\u00edrus.<\/p>\n\n\n\n<p>A medida restritiva foi determinada por meio de decreto do Governo do Estado. Ela \u00e9 necess\u00e1ria para evitar a propaga\u00e7\u00e3o do coronav\u00edrus no estado e valer\u00e1 at\u00e9 o final da pandemia na Para\u00edba.<\/p>\n\n\n\n<p>O decreto tamb\u00e9m autoriza os agentes de seguran\u00e7a p\u00fablica prenderem qualquer pessoa flagrada descumprindo a medida. O infrator poder\u00e1 ser responsabilizado, civil e penalmente, por crime contra a sa\u00fade p\u00fablica.<\/p>\n\n\n\n<p><em>G1 PB<\/em><\/p>\n","protected":false},"excerpt":{"rendered":"<p>Est\u00e3o proibidas, a partir deste s\u00e1bado (4), carreatas, passeatas e quaisquer eventos que promovam a aglomera\u00e7\u00e3o de pessoas em cidades e respectivas regi\u00f5es metropolitanas com&hellip; <\/p>\n","protected":false},"author":2,"featured_media":160115,"comment_status":"closed","ping_status":"closed","sticky":false,"template":"","format":"standard","meta":{"sfsi_plus_gutenberg_text_before_share":"","sfsi_plus_gutenberg_show_text_before_share":"","sfsi_plus_gutenberg_icon_type":"","sfsi_plus_gutenberg_icon_alignemt":"","sfsi_plus_gutenburg_max_per_row":"","footnotes":""},"categories":[2],"tags":[],"class_list":["post-162269","post","type-post","status-publish","format-standard","has-post-thumbnail","hentry","category-geral"],"_links":{"self":[{"href":"https:\/\/www.caririemacao.com\/1\/wp-json\/wp\/v2\/posts\/162269","targetHints":{"allow":["GET"]}}],"collection":[{"href":"https:\/\/www.caririemacao.com\/1\/wp-json\/wp\/v2\/posts"}],"about":[{"href":"https:\/\/www.caririemacao.com\/1\/wp-json\/wp\/v2\/types\/post"}],"author":[{"embeddable":true,"href":"https:\/\/www.caririemacao.com\/1\/wp-json\/wp\/v2\/users\/2"}],"replies":[{"embeddable":true,"href":"https:\/\/www.caririemacao.com\/1\/wp-json\/wp\/v2\/comments?post=162269"}],"version-history":[{"count":1,"href":"https:\/\/www.caririemacao.com\/1\/wp-json\/wp\/v2\/posts\/162269\/revisions"}],"predecessor-version":[{"id":162270,"href":"https:\/\/www.caririemacao.com\/1\/wp-json\/wp\/v2\/posts\/162269\/revisions\/162270"}],"wp:featuredmedia":[{"embeddable":true,"href":"https:\/\/www.caririemacao.com\/1\/wp-json\/wp\/v2\/media\/160115"}],"wp:attachment":[{"href":"https:\/\/www.caririemacao.com\/1\/wp-json\/wp\/v2\/media?parent=162269"}],"wp:term":[{"taxonomy":"category","embeddable":true,"href":"https:\/\/www.caririemacao.com\/1\/wp-json\/wp\/v2\/categories?post=162269"},{"taxonomy":"post_tag","embeddable":true,"href":"https:\/\/www.caririemacao.com\/1\/wp-json\/wp\/v2\/tags?post=162269"}],"curies":[{"name":"wp","href":"https:\/\/api.w.org\/{rel}","templated":true}]}}