{"id":162279,"date":"2020-04-05T11:55:25","date_gmt":"2020-04-05T14:55:25","guid":{"rendered":"http:\/\/www.caririemacao.com\/1\/?p=162279"},"modified":"2020-04-05T11:55:27","modified_gmt":"2020-04-05T14:55:27","slug":"secretario-do-ministerio-da-saude-todo-mundo-vai-ter-contato-com-o-virus","status":"publish","type":"post","link":"https:\/\/www.caririemacao.com\/1\/2020\/04\/05\/secretario-do-ministerio-da-saude-todo-mundo-vai-ter-contato-com-o-virus\/","title":{"rendered":"Secret\u00e1rio do Minist\u00e9rio da Sa\u00fade: \u201ctodo mundo vai ter contato com o v\u00edrus\u201d"},"content":{"rendered":"\n<p>O secret\u00e1rio-executivo do Minist\u00e9rio da Sa\u00fade, Jo\u00e3o Gabbardo, afirmou em entrevista coletiva no Pal\u00e1cio do Planalto, em Bras\u00edlia, que \u00e9 prov\u00e1vel que o novo coranav\u00edrus alcance toda a popula\u00e7\u00e3o. O cont\u00e1gio n\u00e3o quer dizer, no entanto, que todas essas pessoas desenvolver\u00e3o os sintomas da doen\u00e7a.<\/p>\n\n\n\n<p>Conforme hist\u00f3rico da dissemina\u00e7\u00e3o da doen\u00e7a, j\u00e1 observado em outros pa\u00edses, 86% das pessoas que entraram em contato com o novo coronav\u00edrus n\u00e3o apresentaram nenhum problema de sa\u00fade decorrente.<\/p>\n\n\n\n<p>Os 14% restantes tiveram que procurar hospitais, desses alguns foram internados, alguns em unidades de terapia intensiva, e uma fra\u00e7\u00e3o veio a \u00f3bito. A atual taxa de natalidade no Brasil \u00e9 de 4,2% dos casos notificados.<\/p>\n\n\n\n<p>\u201cTodo mundo vai ter contato com o v\u00edrus. O que a gente precisa \u00e9 ter tempo\u201d, disse Gabbardo se referindo \u00e0 necessidade de amplia\u00e7\u00e3o de atendimento, prepara\u00e7\u00e3o de mais leitos e equipamento de mais unidades com respiradores artificiais.<\/p>\n\n\n\n<p>Preocupa o secret\u00e1rio-executivo riscos de sobreposi\u00e7\u00e3o da covid-19 com eventual aumento de gripe por influenza (H1N1) comum no inverno brasileiro. O pa\u00eds j\u00e1 iniciou a campanha nacional de vacina\u00e7\u00e3o anual contra a gripe.<\/p>\n\n\n\n<p>Segundo o secret\u00e1rio-executivo, como ocorre em outras doen\u00e7as, o organismo de muitas pessoas que venham a entrar em contato com v\u00edrus reagira produzindo a autoimunidade, o que no futuro, junto com tratamentos e uma vacina a ser desenvolvida, favorecer\u00e1 a n\u00e3o mais dissemina\u00e7\u00e3o massiva da doen\u00e7a como ocorre atualmente no Brasil e em outros pa\u00edses.<\/p>\n\n\n\n<p>\u201cO fluxo de transmiss\u00e3o come\u00e7a a diminuir quando j\u00e1 tiver 50% [da popula\u00e7\u00e3o] imunizada\u201d, explicou Gabbardo.<\/p>\n\n\n\n<p>De acordo com o Minist\u00e9rio da Sa\u00fade, 10.278 pessoas se infectaram com o novo coronav\u00edrus no Brasil at\u00e9 hoje (s\u00e1bado, 4). O n\u00famero de pessoas mortas por causa da covid-19 j\u00e1 totaliza 432 \u00f3bitos.<\/p>\n\n\n\n<p>Os dados foram fechados \u00e0s 14 horas com base nas informa\u00e7\u00f5es das secretarias estaduais de sa\u00fade. O pa\u00eds ocupa a 16\u00ba lugar em casos da doen\u00e7a, o 14\u00ba lugar em \u00f3bitos e o 8\u00ba lugar em letalidade.<\/p>\n","protected":false},"excerpt":{"rendered":"<p>O secret\u00e1rio-executivo do Minist\u00e9rio da Sa\u00fade, Jo\u00e3o Gabbardo, afirmou em entrevista coletiva no Pal\u00e1cio do Planalto, em Bras\u00edlia, que \u00e9 prov\u00e1vel que o novo coranav\u00edrus&hellip; <\/p>\n","protected":false},"author":2,"featured_media":162280,"comment_status":"closed","ping_status":"closed","sticky":false,"template":"","format":"standard","meta":{"sfsi_plus_gutenberg_text_before_share":"","sfsi_plus_gutenberg_show_text_before_share":"","sfsi_plus_gutenberg_icon_type":"","sfsi_plus_gutenberg_icon_alignemt":"","sfsi_plus_gutenburg_max_per_row":"","footnotes":""},"categories":[50,16],"tags":[],"class_list":["post-162279","post","type-post","status-publish","format-standard","has-post-thumbnail","hentry","category-destaque","category-saude"],"_links":{"self":[{"href":"https:\/\/www.caririemacao.com\/1\/wp-json\/wp\/v2\/posts\/162279","targetHints":{"allow":["GET"]}}],"collection":[{"href":"https:\/\/www.caririemacao.com\/1\/wp-json\/wp\/v2\/posts"}],"about":[{"href":"https:\/\/www.caririemacao.com\/1\/wp-json\/wp\/v2\/types\/post"}],"author":[{"embeddable":true,"href":"https:\/\/www.caririemacao.com\/1\/wp-json\/wp\/v2\/users\/2"}],"replies":[{"embeddable":true,"href":"https:\/\/www.caririemacao.com\/1\/wp-json\/wp\/v2\/comments?post=162279"}],"version-history":[{"count":1,"href":"https:\/\/www.caririemacao.com\/1\/wp-json\/wp\/v2\/posts\/162279\/revisions"}],"predecessor-version":[{"id":162281,"href":"https:\/\/www.caririemacao.com\/1\/wp-json\/wp\/v2\/posts\/162279\/revisions\/162281"}],"wp:featuredmedia":[{"embeddable":true,"href":"https:\/\/www.caririemacao.com\/1\/wp-json\/wp\/v2\/media\/162280"}],"wp:attachment":[{"href":"https:\/\/www.caririemacao.com\/1\/wp-json\/wp\/v2\/media?parent=162279"}],"wp:term":[{"taxonomy":"category","embeddable":true,"href":"https:\/\/www.caririemacao.com\/1\/wp-json\/wp\/v2\/categories?post=162279"},{"taxonomy":"post_tag","embeddable":true,"href":"https:\/\/www.caririemacao.com\/1\/wp-json\/wp\/v2\/tags?post=162279"}],"curies":[{"name":"wp","href":"https:\/\/api.w.org\/{rel}","templated":true}]}}