{"id":162290,"date":"2020-04-05T12:30:21","date_gmt":"2020-04-05T15:30:21","guid":{"rendered":"http:\/\/www.caririemacao.com\/1\/?p=162290"},"modified":"2020-04-05T12:30:23","modified_gmt":"2020-04-05T15:30:23","slug":"25-dos-idosos-brasileiros-moram-com-tres-ou-mais-pessoas","status":"publish","type":"post","link":"https:\/\/www.caririemacao.com\/1\/2020\/04\/05\/25-dos-idosos-brasileiros-moram-com-tres-ou-mais-pessoas\/","title":{"rendered":"25% dos idosos brasileiros moram com tr\u00eas ou mais pessoas"},"content":{"rendered":"\n<p>Idosos que moram com v\u00e1rias pessoas, ainda trabalham e representam grande parte da renda da fam\u00edlia. Essas s\u00e3o faces da velhice que os n\u00fameros mostram n\u00e3o serem triviais diante da pandemia de coronav\u00edrus que amea\u00e7a sobretudo a eles.<\/p>\n\n\n\n<p>Um levantamento dos dados mais recentes do IBGE sobre isso, de 2015, mostra que 25% dos brasileiros acima dos 60 anos (7 milh\u00f5es de 29 milh\u00f5es) vivem com outros tr\u00eas ou mais moradores, o que indica certo risco de cont\u00e1gio mesmo dentro de casa. Os demais moram com at\u00e9 duas pessoas (60%) ou sozinhos (15%).<\/p>\n\n\n\n<p>As casas cheias s\u00e3o mais comuns entre os idosos pretos e partos, que ganham at\u00e9 um sal\u00e1rio m\u00ednimo por m\u00eas e habitam o Norte ou Nordeste do pa\u00eds. A compila\u00e7\u00e3o foi feita para a Folha pelo rec\u00e9m criado Observat\u00f3rio Social da Covid-19, que re\u00fane pesquisadores da UFMG (Universidade Federal de Minas Gerais).<\/p>\n\n\n\n<p>O grupo decidiu estudar, entre outros assuntos, essa parcela da popula\u00e7\u00e3o que s\u00f3 cresce e est\u00e1 concentrada principalmente no Sudeste, onde a doen\u00e7a mais se espalhou at\u00e9 agora.<\/p>\n\n\n\n<p>\u201cNosso foco \u00e9 mapear vulnerabilidades, que \u00e9 a palavra central nessa epidemia. Estar na classe privilegiada \u00e9 poder escolher. Se voc\u00ea quer morar sozinho, se quer ir para a casa de campo, se quer fazer home office. Para classes mais baixas essa escolha n\u00e3o existe\u201d, diz o soci\u00f3logo Marden Campos, criador do Observat\u00f3rio.<\/p>\n\n\n\n<p>\u00c9 o caso do aposentado Helio Jesus de Moraes, 76, que divide o mesmo teto com uma de suas filhas, o genro e dois netos no Complexo da Penha, zona norte do Rio de Janeiro. Eles ajudaram a cuidar dele nos \u00faltimos cinco dias, quando come\u00e7ou a sentir sintomas de gripe.<\/p>\n\n\n\n<p>Na quarta (1\u00ba), Helio teve falta de ar e foi levado por outra filha a uma unidade de pronto atendimento da regi\u00e3o. Voltou para casa fazendo nebuliza\u00e7\u00e3o, mas a dificuldade para respirar n\u00e3o melhorou. Nesta sexta (3), ele acabou sendo internado no local, sem isolamento.<\/p>\n\n\n\n<figure class=\"wp-block-image\"><img decoding=\"async\" data-src=\"https:\/\/paraibaonline.com.br\/wp-content\/uploads\/2020\/04\/idosos-brasileiros-567x378.jpeg\" alt=\"Foto: Prefeitura de Curitba\" class=\"wp-image-848239 lazyload\" src=\"data:image\/svg+xml;base64,PHN2ZyB3aWR0aD0iMSIgaGVpZ2h0PSIxIiB4bWxucz0iaHR0cDovL3d3dy53My5vcmcvMjAwMC9zdmciPjwvc3ZnPg==\" style=\"--smush-placeholder-width: 567px; --smush-placeholder-aspect-ratio: 567\/378;\" \/><\/figure>\n\n\n\n<p>Foto: Prefeitura de Curitba<\/p>\n\n\n\n<p>A fam\u00edlia de Helio tem a sorte de morar em uma casa com quartos separados para o idoso, o casal e os dois netos, mas nem sempre \u00e9 assim. No total, 372 mil idosos do pa\u00eds vivem em ambientes superlotados, com mais de tr\u00eas pessoas por dormit\u00f3rio, segundo dados de 2018.<\/p>\n\n\n\n<p>Apesar de o n\u00famero assustar, ele representa apenas 1% da terceira idade brasileira, uma parcela menor do que entre a m\u00e9dia da popula\u00e7\u00e3o no total (6%). Os mais velhos tamb\u00e9m t\u00eam condi\u00e7\u00f5es melhores de habita\u00e7\u00e3o quando se considera os barracos ou domic\u00edlios sem banheiros pr\u00f3prios.<\/p>\n\n\n\n<p>Assim como Helio, muitos moram com crian\u00e7as ou adolescentes, que durante a quarentena est\u00e3o em casa sem aulas junto com eles. Voltando aos dados de 2015, entre os que vivem com idosos, 13% t\u00eam at\u00e9 17 anos, 41% s\u00e3o adultos e 46% tamb\u00e9m s\u00e3o idosos.<\/p>\n\n\n\n<p>Marden Campos, da UFMG, observou um fato curioso sobre isso num outro levantamento que fez. \u201cA probabilidade de crian\u00e7as de zero a tr\u00eas anos ficarem em casa, em vez de irem para a escola, era maior quando havia av\u00f3s. E isso aumentava nas classes mais altas. Minha hip\u00f3tese \u00e9 que as av\u00f3s de classes mais baixas ainda trabalham\u201d, presume ele.<\/p>\n\n\n\n<p>A quest\u00e3o do trabalho \u00e9 outro ponto importante sob a \u00f3tica do coronav\u00edrus: 27% dos idosos ainda s\u00e3o economicamente ativos, percentual que sobe para 39% quando consideramos apenas os homens (que s\u00e3o minoria no universo da terceira idade).<\/p>\n\n\n\n<p>As pessoas com mais de 60 anos s\u00e3o respons\u00e1veis por grande parte da renda do domic\u00edlio. Mensalmente, 45% delas enchem mais da metade do cofrinho da casa com o seu dinheiro. Eles tamb\u00e9m s\u00e3o os chefes da fam\u00edlia em um quarto das moradias e ganham mais do que a m\u00e9dia.<\/p>\n\n\n\n<p>Enquanto quase metade da popula\u00e7\u00e3o brasileira recebia menos de um sal\u00e1rio m\u00ednimo por m\u00eas em 2015 (o equivalente a R$ 946 atualizados), essa era a situa\u00e7\u00e3o de apenas 13% dos idosos. A grande maioria deles (72%) ganhava de um a tr\u00eas m\u00ednimos, ou seja, at\u00e9 R$ 2.936.<\/p>\n\n\n\n<p>\u201cEsses n\u00fameros mostram a diversidade dos idosos. N\u00e3o d\u00e1 para trat\u00e1-los como uma coisa s\u00f3. Eles tamb\u00e9m ajudam a criar as crian\u00e7as, trabalham, s\u00e3o uma renda importante para a fam\u00edlia, e alguns s\u00e3o muito vulner\u00e1veis\u201d, diz Campos.<\/p>\n\n\n\n<p>\u201cDado \u00e0 urg\u00eancia e \u00e0 complexidade do problema, as pol\u00edticas t\u00eam que considerar os dados. A ci\u00eancia n\u00e3o pode ser negligenciada\u201d, continua ele, que pretende criar junto ao grupo uma plataforma que mostre, em n\u00edvel local, esse tipo de dado nacional. A inten\u00e7\u00e3o \u00e9 disponibiliz\u00e1-la a qualquer um que queira atuar ali, como empresas, prefeituras e hospitais.<\/p>\n","protected":false},"excerpt":{"rendered":"<p>Idosos que moram com v\u00e1rias pessoas, ainda trabalham e representam grande parte da renda da fam\u00edlia. Essas s\u00e3o faces da velhice que os n\u00fameros mostram&hellip; <\/p>\n","protected":false},"author":2,"featured_media":162292,"comment_status":"closed","ping_status":"closed","sticky":false,"template":"","format":"standard","meta":{"sfsi_plus_gutenberg_text_before_share":"","sfsi_plus_gutenberg_show_text_before_share":"","sfsi_plus_gutenberg_icon_type":"","sfsi_plus_gutenberg_icon_alignemt":"","sfsi_plus_gutenburg_max_per_row":"","footnotes":""},"categories":[2],"tags":[],"class_list":["post-162290","post","type-post","status-publish","format-standard","has-post-thumbnail","hentry","category-geral"],"_links":{"self":[{"href":"https:\/\/www.caririemacao.com\/1\/wp-json\/wp\/v2\/posts\/162290","targetHints":{"allow":["GET"]}}],"collection":[{"href":"https:\/\/www.caririemacao.com\/1\/wp-json\/wp\/v2\/posts"}],"about":[{"href":"https:\/\/www.caririemacao.com\/1\/wp-json\/wp\/v2\/types\/post"}],"author":[{"embeddable":true,"href":"https:\/\/www.caririemacao.com\/1\/wp-json\/wp\/v2\/users\/2"}],"replies":[{"embeddable":true,"href":"https:\/\/www.caririemacao.com\/1\/wp-json\/wp\/v2\/comments?post=162290"}],"version-history":[{"count":1,"href":"https:\/\/www.caririemacao.com\/1\/wp-json\/wp\/v2\/posts\/162290\/revisions"}],"predecessor-version":[{"id":162293,"href":"https:\/\/www.caririemacao.com\/1\/wp-json\/wp\/v2\/posts\/162290\/revisions\/162293"}],"wp:featuredmedia":[{"embeddable":true,"href":"https:\/\/www.caririemacao.com\/1\/wp-json\/wp\/v2\/media\/162292"}],"wp:attachment":[{"href":"https:\/\/www.caririemacao.com\/1\/wp-json\/wp\/v2\/media?parent=162290"}],"wp:term":[{"taxonomy":"category","embeddable":true,"href":"https:\/\/www.caririemacao.com\/1\/wp-json\/wp\/v2\/categories?post=162290"},{"taxonomy":"post_tag","embeddable":true,"href":"https:\/\/www.caririemacao.com\/1\/wp-json\/wp\/v2\/tags?post=162290"}],"curies":[{"name":"wp","href":"https:\/\/api.w.org\/{rel}","templated":true}]}}