{"id":162302,"date":"2020-04-05T12:37:50","date_gmt":"2020-04-05T15:37:50","guid":{"rendered":"http:\/\/www.caririemacao.com\/1\/?p=162302"},"modified":"2020-04-05T12:37:52","modified_gmt":"2020-04-05T15:37:52","slug":"o-senhor-que-me-demita-rebate-mandetta-a-pedido-de-bolsonaro-para-que-renuncie-ao-cargo","status":"publish","type":"post","link":"https:\/\/www.caririemacao.com\/1\/2020\/04\/05\/o-senhor-que-me-demita-rebate-mandetta-a-pedido-de-bolsonaro-para-que-renuncie-ao-cargo\/","title":{"rendered":"\u2018O senhor que me demita\u2019, rebate Mandetta a pedido de Bolsonaro para que renuncie ao cargo"},"content":{"rendered":"\n<p>No jantar que teve com Davi Alcolumbre e Rodrigo Maia na noite desta quinta \u2014 como o Radar revelou mais cedo \u2013, o ministro da Sa\u00fade, Luiz Henrique Mandetta, narrou aos chefes do Legislativo o tenso di\u00e1logo que travou com o presidente Jair Bolsonaro, por telefone.<\/p>\n\n\n\n<p>Durante a liga\u00e7\u00e3o, o presidente teria dito ao ministro da Sa\u00fade que ele deveria pedir demiss\u00e3o e deixar o governo. Mandetta rebateu de pronto: \u201cO senhor que me demita, presidente\u201d.<\/p>\n\n\n\n<p>A partir desse momento, a conversa teria esquentado ainda mais, ao ponto de o ministro da Sa\u00fade recomendar ao presidente que ele se responsabilizasse sozinho pelas mortes causadas pelo coronav\u00edrus, que j\u00e1 infectou 8.230 brasileiros e matou 343 pessoas.<\/p>\n\n\n\n<p>Apesar da tensa discuss\u00e3o, Mandetta trabalha normalmente nesta sexta e j\u00e1 participou de uma s\u00e9rie de reuni\u00f5es.<\/p>\n\n\n\n<p>Como o Radar mostrou mais cedo, depois de ser atacado publicamente pelo presidente nesta quinta,&nbsp;o ministro da Sa\u00fade foi jantar com os presidentes do Senado e da C\u00e2mara na resid\u00eancia oficial do Senado.<\/p>\n\n\n\n<p>Na conversa, o ministro estava inconsol\u00e1vel. Disse aos chefes do Congresso que a situa\u00e7\u00e3o com o presidente era \u201cinsustent\u00e1vel\u201d.<\/p>\n\n\n\n<p>Seguidamente boicotado nos bastidores pelo Pal\u00e1cio do Planalto, atacado nas redes sociais por aliados de Bolsonaro e agora publicamente pelo pr\u00f3prio chefe da Rep\u00fablica, Mandetta revelou estar no seu limite.<\/p>\n\n\n\n<p>Na conversa, que entrou a madrugada, Mandetta disse a Maia e Alcolumbre que, por ele, est\u00e1 fora do governo. Bolsonaro n\u00e3o mereceria o empenho dele e de seus t\u00e9cnicos. Os chefes do Legislativo apelaram para que ele resistisse o m\u00e1ximo poss\u00edvel no cargo.<br>Em uma videoconfer\u00eancia do Valor, Maia disse que Bolsonaro \u201cn\u00e3o tem coragem de tirar o ministro e mudar oficialmente a pol\u00edtica de enfrentamento \u00e0 pandemia\u201d.<\/p>\n\n\n\n<p>Bolsonaro deixou claro nesta quinta que teme ficar com a conta das mortes da pandemia no Brasil, se realizar mudan\u00e7as no plano de combate do minist\u00e9rio e dos governadores.&nbsp;Mesmo assim, bateu duro em Mandetta.<\/p>\n\n\n\n<p>\u201cMandetta&nbsp;<a href=\"https:\/\/www.clickpb.com.br\/brasil\/gente-esta-se-bicando-ha-algum-tempo-diz-bolsonaro-sobre-ministro-mandetta-281436.html\">j\u00e1 sabe que estamos nos bicando. Ele est\u00e1 extrapolando.<\/a>&nbsp;Mas n\u00e3o posso demitir ministro em meio ao combate. Nenhum ministro meu \u00e9 indemiss\u00edvel\u201d, disse Bolsonaro nesta quinta.<\/p>\n","protected":false},"excerpt":{"rendered":"<p>No jantar que teve com Davi Alcolumbre e Rodrigo Maia na noite desta quinta \u2014 como o Radar revelou mais cedo \u2013, o ministro da&hellip; <\/p>\n","protected":false},"author":2,"featured_media":162303,"comment_status":"closed","ping_status":"closed","sticky":false,"template":"","format":"standard","meta":{"sfsi_plus_gutenberg_text_before_share":"","sfsi_plus_gutenberg_show_text_before_share":"","sfsi_plus_gutenberg_icon_type":"","sfsi_plus_gutenberg_icon_alignemt":"","sfsi_plus_gutenburg_max_per_row":"","footnotes":""},"categories":[11],"tags":[],"class_list":["post-162302","post","type-post","status-publish","format-standard","has-post-thumbnail","hentry","category-politica"],"_links":{"self":[{"href":"https:\/\/www.caririemacao.com\/1\/wp-json\/wp\/v2\/posts\/162302","targetHints":{"allow":["GET"]}}],"collection":[{"href":"https:\/\/www.caririemacao.com\/1\/wp-json\/wp\/v2\/posts"}],"about":[{"href":"https:\/\/www.caririemacao.com\/1\/wp-json\/wp\/v2\/types\/post"}],"author":[{"embeddable":true,"href":"https:\/\/www.caririemacao.com\/1\/wp-json\/wp\/v2\/users\/2"}],"replies":[{"embeddable":true,"href":"https:\/\/www.caririemacao.com\/1\/wp-json\/wp\/v2\/comments?post=162302"}],"version-history":[{"count":1,"href":"https:\/\/www.caririemacao.com\/1\/wp-json\/wp\/v2\/posts\/162302\/revisions"}],"predecessor-version":[{"id":162304,"href":"https:\/\/www.caririemacao.com\/1\/wp-json\/wp\/v2\/posts\/162302\/revisions\/162304"}],"wp:featuredmedia":[{"embeddable":true,"href":"https:\/\/www.caririemacao.com\/1\/wp-json\/wp\/v2\/media\/162303"}],"wp:attachment":[{"href":"https:\/\/www.caririemacao.com\/1\/wp-json\/wp\/v2\/media?parent=162302"}],"wp:term":[{"taxonomy":"category","embeddable":true,"href":"https:\/\/www.caririemacao.com\/1\/wp-json\/wp\/v2\/categories?post=162302"},{"taxonomy":"post_tag","embeddable":true,"href":"https:\/\/www.caririemacao.com\/1\/wp-json\/wp\/v2\/tags?post=162302"}],"curies":[{"name":"wp","href":"https:\/\/api.w.org\/{rel}","templated":true}]}}