{"id":162306,"date":"2020-04-05T12:39:02","date_gmt":"2020-04-05T15:39:02","guid":{"rendered":"http:\/\/www.caririemacao.com\/1\/?p=162306"},"modified":"2020-04-05T12:39:04","modified_gmt":"2020-04-05T15:39:04","slug":"brasil-tem-445-mortos-e-103-mil-casos-de-coronavirus","status":"publish","type":"post","link":"https:\/\/www.caririemacao.com\/1\/2020\/04\/05\/brasil-tem-445-mortos-e-103-mil-casos-de-coronavirus\/","title":{"rendered":"Brasil tem 445 mortos e 10,3 mil casos de Coronav\u00edrus"},"content":{"rendered":"\n<p>O Brasil tem 445 mortes e 10.361 mil casos confirmados do novo&nbsp;coronav\u00edrus (Sars-Cov-2). As informa\u00e7\u00f5es s\u00e3o das&nbsp;secretarias estaduais de Sa\u00fade divulgadas, at\u00e9 as 20h30 deste s\u00e1bado (4).<\/p>\n\n\n\n<p>Apenas dois estados ainda n\u00e3o registraram mortes: Acre e Tocantins.<\/p>\n\n\n\n<p>No in\u00edcio da tarde, um homem de 60 anos morreu de coronav\u00edrus no Hospital de Emerg\u00eancia de Macap\u00e1; ele estava internado com pneumonia. Foi a primeira morte do Amap\u00e1. Na manh\u00e3 deste s\u00e1bado, a Bahia registrou a 7\u00aa morte por Covid-19, doen\u00e7a causada pelo novo coronav\u00edrus. A paciente era uma mulher de 28 anos, que tinha ido a Itapetininga realizar uma ces\u00e1rea. Rio Grande do Sul tamb\u00e9m confirmou a s\u00e9tima morte. O Amazonas confirmou mais 5 mortes, somando 12. O Distrito Federal tamb\u00e9m confirmou a s\u00e9tima morte.<\/p>\n\n\n\n<p>Pernambuco registrou mais quatro mortes de pacientes com coronav\u00edrus (Sars-Cov-2), neste s\u00e1bado (4). Com isso, subiu para 14 o n\u00famero de \u00f3bitos de pessoas com a Covid-19, doen\u00e7a causada pelo novo v\u00edrus. Al\u00e9m disso, houve 40 novos casos confirmados, totalizando 176.<\/p>\n\n\n\n<p>Um boletim epidemiol\u00f3gico feito pelo Minist\u00e9rio da Sa\u00fade nesta sexta (3), diz que Distrito Federal, S\u00e3o Paulo, Cear\u00e1, Rio de Janeiro e Amazonas podem estar na transi\u00e7\u00e3o para uma fase de acelera\u00e7\u00e3o descontrolada da pandemia.<\/p>\n\n\n\n<p>O \u00faltimo balan\u00e7o do Minist\u00e9rio da Sa\u00fade, divulgado na tarde de s\u00e1bado (4), aponta 10.278 casos confirmados e 432 mortes.<\/p>\n\n\n\n<p>O avan\u00e7o da doen\u00e7a est\u00e1 acelerado: foram 25 dias desde o primeiro cont\u00e1gio confirmado at\u00e9 os primeiros 1.000 casos (de 26 de fevereiro a 21 de mar\u00e7o). Outros 2.000 casos foram confirmados em apenas seis dias (de 21 a 27 de mar\u00e7o) e quase 4.000 casos de 27 de mar\u00e7o a 2 de abril, quando a contagem bateu os 8.000 infectados.<\/p>\n","protected":false},"excerpt":{"rendered":"<p>O Brasil tem 445 mortes e 10.361 mil casos confirmados do novo&nbsp;coronav\u00edrus (Sars-Cov-2). As informa\u00e7\u00f5es s\u00e3o das&nbsp;secretarias estaduais de Sa\u00fade divulgadas, at\u00e9 as 20h30 deste&hellip; <\/p>\n","protected":false},"author":2,"featured_media":162028,"comment_status":"closed","ping_status":"closed","sticky":false,"template":"","format":"standard","meta":{"sfsi_plus_gutenberg_text_before_share":"","sfsi_plus_gutenberg_show_text_before_share":"","sfsi_plus_gutenberg_icon_type":"","sfsi_plus_gutenberg_icon_alignemt":"","sfsi_plus_gutenburg_max_per_row":"","footnotes":""},"categories":[2],"tags":[],"class_list":["post-162306","post","type-post","status-publish","format-standard","has-post-thumbnail","hentry","category-geral"],"_links":{"self":[{"href":"https:\/\/www.caririemacao.com\/1\/wp-json\/wp\/v2\/posts\/162306","targetHints":{"allow":["GET"]}}],"collection":[{"href":"https:\/\/www.caririemacao.com\/1\/wp-json\/wp\/v2\/posts"}],"about":[{"href":"https:\/\/www.caririemacao.com\/1\/wp-json\/wp\/v2\/types\/post"}],"author":[{"embeddable":true,"href":"https:\/\/www.caririemacao.com\/1\/wp-json\/wp\/v2\/users\/2"}],"replies":[{"embeddable":true,"href":"https:\/\/www.caririemacao.com\/1\/wp-json\/wp\/v2\/comments?post=162306"}],"version-history":[{"count":1,"href":"https:\/\/www.caririemacao.com\/1\/wp-json\/wp\/v2\/posts\/162306\/revisions"}],"predecessor-version":[{"id":162307,"href":"https:\/\/www.caririemacao.com\/1\/wp-json\/wp\/v2\/posts\/162306\/revisions\/162307"}],"wp:featuredmedia":[{"embeddable":true,"href":"https:\/\/www.caririemacao.com\/1\/wp-json\/wp\/v2\/media\/162028"}],"wp:attachment":[{"href":"https:\/\/www.caririemacao.com\/1\/wp-json\/wp\/v2\/media?parent=162306"}],"wp:term":[{"taxonomy":"category","embeddable":true,"href":"https:\/\/www.caririemacao.com\/1\/wp-json\/wp\/v2\/categories?post=162306"},{"taxonomy":"post_tag","embeddable":true,"href":"https:\/\/www.caririemacao.com\/1\/wp-json\/wp\/v2\/tags?post=162306"}],"curies":[{"name":"wp","href":"https:\/\/api.w.org\/{rel}","templated":true}]}}