{"id":162314,"date":"2020-04-05T16:10:08","date_gmt":"2020-04-05T19:10:08","guid":{"rendered":"http:\/\/www.caririemacao.com\/1\/?p=162314"},"modified":"2020-04-05T16:10:11","modified_gmt":"2020-04-05T19:10:11","slug":"centros-de-pesquisa-brasileiros-estudam-transfusao-de-plasma-do-sangue-contra-covid","status":"publish","type":"post","link":"https:\/\/www.caririemacao.com\/1\/2020\/04\/05\/centros-de-pesquisa-brasileiros-estudam-transfusao-de-plasma-do-sangue-contra-covid\/","title":{"rendered":"Centros de pesquisa brasileiros estudam transfus\u00e3o de plasma do sangue contra Covid"},"content":{"rendered":"\n<p>Centros de pesquisa do Brasil est\u00e3o autorizados a fazer estudos experimentais com o plasma de pacientes curados da Covid-19 para tratar casos mais graves da doen\u00e7a.<\/p>\n\n\n\n<p>O plasma \u00e9 a parte l\u00edquida do sangue. Nele, s\u00e3o encontradas prote\u00ednas, sais minerais, g\u00e1s carb\u00f4nico e outras subst\u00e2ncias dissolvidas. A autoriza\u00e7\u00e3o partiu da Anvisa, ag\u00eancia do governo respons\u00e1vel por regular esse tipo de iniciativa.<\/p>\n\n\n\n<p>Estudos realizados no exterior mostraram que o plasma teria a capacidade de encurtar a manifesta\u00e7\u00e3o dos sintomas mais graves em pessoas infectadas pelo novo coronav\u00edrus.<\/p>\n\n\n\n<p>Segundo informa\u00e7\u00f5es da TV Globo, um cons\u00f3rcio firmado pelos hospitais Albert Einstein e S\u00edrio Liban\u00eas, al\u00e9m da USP (Universidade de S\u00e3o Paulo) aguarda aval da Comiss\u00e3o Nacional de \u00c9tica e Pesquisa para iniciar os estudos.<br>Mas a pr\u00f3pria Anvisa, em nota t\u00e9cnica divulgada na \u00faltima sexta-feira (3), pediu cautela em rela\u00e7\u00e3o ao que j\u00e1 se sabe sobre os benef\u00edcios do plasma.<\/p>\n\n\n\n<p>\u201cEstudos cient\u00edficos t\u00eam sugerido resultados promissores, por\u00e9m, derivam de an\u00e1lises n\u00e3o controladas e com tamanho limitado de amostras. Ou seja, eles s\u00e3o insuficientes para a comprova\u00e7\u00e3o definitiva sobre a efic\u00e1cia potencial do tratamento, requerendo uma avalia\u00e7\u00e3o mais aprofundada na forma de estudos cl\u00ednicos\u201d, disse a ag\u00eancia.<\/p>\n\n\n\n<figure class=\"wp-block-image\"><img decoding=\"async\" data-src=\"https:\/\/paraibaonline.com.br\/wp-content\/uploads\/2020\/01\/laboratorio-pesquisa0901-567x397.jpg\" alt=\"Foto: Reprodu\u00e7\u00e3o\" class=\"wp-image-829937 lazyload\" src=\"data:image\/svg+xml;base64,PHN2ZyB3aWR0aD0iMSIgaGVpZ2h0PSIxIiB4bWxucz0iaHR0cDovL3d3dy53My5vcmcvMjAwMC9zdmciPjwvc3ZnPg==\" style=\"--smush-placeholder-width: 567px; --smush-placeholder-aspect-ratio: 567\/397;\" \/><\/figure>\n\n\n\n<p>Foto: Reprodu\u00e7\u00e3o<\/p>\n\n\n\n<p>A Anvisa refor\u00e7ou que o plasma convalescente (l\u00edquido retirado dos pacientes que se recuperaram da Covid-19) seja utilizado apenas em protocolos de pesquisa cl\u00ednica \u201ccom os devidos cuidados e controles necess\u00e1rios, sem preju\u00edzo do disposto em legisla\u00e7\u00e3o espec\u00edfica sobre a autoridade e a conduta m\u00e9dica do profissional prescritor\u201d, complementou.<\/p>\n\n\n\n<p>Os pesquisadores s\u00e3o orientados a recolher o plasmo nos servi\u00e7os de hemoterapia espalhados pelo pa\u00eds e seguir todos os procedimentos de doa\u00e7\u00e3o da subst\u00e2ncia.<\/p>\n\n\n\n<p>Os estudos n\u00e3o precisar\u00e3o ser aprovados pela Anvisa, mas dever\u00e3o seguir as regras dos Comit\u00eas de \u00c9tica em Pesquisa (CEPs), da Comiss\u00e3o Nacional de \u00c9tica em Pesquisa (Conep) e do Conselho Federal de Medicina (CFM).<\/p>\n\n\n\n<p>EXTERIOR<br>A FDA, ag\u00eancia reguladora dos Estados Unidos, aprovou recentemente o teste cl\u00ednico com o plasma.<\/p>\n\n\n\n<p>Na It\u00e1lia, um dos pa\u00edses com o maior n\u00famero de mortes pelo novo coronav\u00edrus, o Hospital Policl\u00ednico de Pavia, na Lombardia, tamb\u00e9m iniciou a terapia experimental com plasma.<\/p>\n\n\n\n<p>Na Fran\u00e7a, a Associa\u00e7\u00e3o de Hospitais P\u00fablicos de Paris, o Instituto Franc\u00eas de Sangue e o Instituto Nacional de Sa\u00fade e Pesquisa M\u00e9dica tamb\u00e9m anunciaram testes com a subst\u00e2ncia.<\/p>\n","protected":false},"excerpt":{"rendered":"<p>Centros de pesquisa do Brasil est\u00e3o autorizados a fazer estudos experimentais com o plasma de pacientes curados da Covid-19 para tratar casos mais graves da&hellip; <\/p>\n","protected":false},"author":2,"featured_media":162316,"comment_status":"closed","ping_status":"closed","sticky":false,"template":"","format":"standard","meta":{"sfsi_plus_gutenberg_text_before_share":"","sfsi_plus_gutenberg_show_text_before_share":"","sfsi_plus_gutenberg_icon_type":"","sfsi_plus_gutenberg_icon_alignemt":"","sfsi_plus_gutenburg_max_per_row":"","footnotes":""},"categories":[2],"tags":[],"class_list":["post-162314","post","type-post","status-publish","format-standard","has-post-thumbnail","hentry","category-geral"],"_links":{"self":[{"href":"https:\/\/www.caririemacao.com\/1\/wp-json\/wp\/v2\/posts\/162314","targetHints":{"allow":["GET"]}}],"collection":[{"href":"https:\/\/www.caririemacao.com\/1\/wp-json\/wp\/v2\/posts"}],"about":[{"href":"https:\/\/www.caririemacao.com\/1\/wp-json\/wp\/v2\/types\/post"}],"author":[{"embeddable":true,"href":"https:\/\/www.caririemacao.com\/1\/wp-json\/wp\/v2\/users\/2"}],"replies":[{"embeddable":true,"href":"https:\/\/www.caririemacao.com\/1\/wp-json\/wp\/v2\/comments?post=162314"}],"version-history":[{"count":1,"href":"https:\/\/www.caririemacao.com\/1\/wp-json\/wp\/v2\/posts\/162314\/revisions"}],"predecessor-version":[{"id":162317,"href":"https:\/\/www.caririemacao.com\/1\/wp-json\/wp\/v2\/posts\/162314\/revisions\/162317"}],"wp:featuredmedia":[{"embeddable":true,"href":"https:\/\/www.caririemacao.com\/1\/wp-json\/wp\/v2\/media\/162316"}],"wp:attachment":[{"href":"https:\/\/www.caririemacao.com\/1\/wp-json\/wp\/v2\/media?parent=162314"}],"wp:term":[{"taxonomy":"category","embeddable":true,"href":"https:\/\/www.caririemacao.com\/1\/wp-json\/wp\/v2\/categories?post=162314"},{"taxonomy":"post_tag","embeddable":true,"href":"https:\/\/www.caririemacao.com\/1\/wp-json\/wp\/v2\/tags?post=162314"}],"curies":[{"name":"wp","href":"https:\/\/api.w.org\/{rel}","templated":true}]}}