{"id":162323,"date":"2020-04-05T16:14:23","date_gmt":"2020-04-05T19:14:23","guid":{"rendered":"http:\/\/www.caririemacao.com\/1\/?p=162323"},"modified":"2020-04-05T16:14:26","modified_gmt":"2020-04-05T19:14:26","slug":"procuradoria-da-parecer-a-favor-de-acao-de-cancelamento-do-registro-do-pt","status":"publish","type":"post","link":"https:\/\/www.caririemacao.com\/1\/2020\/04\/05\/procuradoria-da-parecer-a-favor-de-acao-de-cancelamento-do-registro-do-pt\/","title":{"rendered":"Procuradoria d\u00e1 parecer a favor de a\u00e7\u00e3o de cancelamento do registro do PT"},"content":{"rendered":"\n<p>O vice-procurador-geral eleitoral Renato Brill de Go\u00e9s deu parecer pela admissibilidade de uma a\u00e7\u00e3o de cancelamento de registro de partido pol\u00edtico do Partido dos Trabalhadores. A manifesta\u00e7\u00e3o foi apresentada no \u00faltimo dia 27, no \u00e2mbito de requerimento que alegava que \u201cno curso da opera\u00e7\u00e3o Lava-Jato restou demonstrado que o PT recebeu recursos de origem estrangeira\u201d.<\/p>\n\n\n\n<p>Ao se manifestar a favor do in\u00edcio da fase de instru\u00e7\u00e3o do processo, Go\u00e9s se baseou em dispositivo da Lei dos Partidos Pol\u00edticos que indica que o \u201cTribunal Superior Eleitoral, ap\u00f3s tr\u00e2nsito em julgado de decis\u00e3o, determina o cancelamento do registro civil e do estatuto do partido contra o qual fique provado ter recebido ou estar recebendo recursos financeiros de proced\u00eancia estrangeira\u201d.<\/p>\n\n\n\n<p>\u201cDiante de tal contexto, for\u00e7oso reconhecer a exist\u00eancia de ind\u00edcios suficientes do recebimento, por parte do Partido dos Trabalhadores \u2013 PT, ora requerido, via interpostas pessoas, de recursos oriundos de pessoas jur\u00eddicas estrangeiras (Keppel FELS e Toshiba), inclusive para pagamento de despesas contra\u00eddas pelo pr\u00f3prio Partido, a evidenciar, em tese, interesse direto da institui\u00e7\u00e3o partid\u00e1ria e n\u00e3o apenas de dirigente seu, circunst\u00e2ncia que autoriza o prosseguimento do feito quanto \u00e0 hip\u00f3tese do inciso I do art. 28 da Lei dos Partidos Pol\u00edticos, com a inaugura\u00e7\u00e3o de sua fase de instru\u00e7\u00e3o\u201d, escreveu Go\u00e9s.<\/p>\n\n\n\n<p>No parecer, o vice-procurador-geral eleitoral solicitou a oitiva de duas pessoas citadas em depoimento do doleiro Alberto Youssef \u2013 Jos\u00e9 Alberto Piva Campana, ex-executivo da Toshiba, e Rafael \u00c2ngulo Lopes, apontado como funcion\u00e1rio do doleiro.<\/p>\n","protected":false},"excerpt":{"rendered":"<p>O vice-procurador-geral eleitoral Renato Brill de Go\u00e9s deu parecer pela admissibilidade de uma a\u00e7\u00e3o de cancelamento de registro de partido pol\u00edtico do Partido dos Trabalhadores.&hellip; <\/p>\n","protected":false},"author":2,"featured_media":18411,"comment_status":"closed","ping_status":"closed","sticky":false,"template":"","format":"standard","meta":{"sfsi_plus_gutenberg_text_before_share":"","sfsi_plus_gutenberg_show_text_before_share":"","sfsi_plus_gutenberg_icon_type":"","sfsi_plus_gutenberg_icon_alignemt":"","sfsi_plus_gutenburg_max_per_row":"","footnotes":""},"categories":[11],"tags":[],"class_list":["post-162323","post","type-post","status-publish","format-standard","has-post-thumbnail","hentry","category-politica"],"_links":{"self":[{"href":"https:\/\/www.caririemacao.com\/1\/wp-json\/wp\/v2\/posts\/162323","targetHints":{"allow":["GET"]}}],"collection":[{"href":"https:\/\/www.caririemacao.com\/1\/wp-json\/wp\/v2\/posts"}],"about":[{"href":"https:\/\/www.caririemacao.com\/1\/wp-json\/wp\/v2\/types\/post"}],"author":[{"embeddable":true,"href":"https:\/\/www.caririemacao.com\/1\/wp-json\/wp\/v2\/users\/2"}],"replies":[{"embeddable":true,"href":"https:\/\/www.caririemacao.com\/1\/wp-json\/wp\/v2\/comments?post=162323"}],"version-history":[{"count":1,"href":"https:\/\/www.caririemacao.com\/1\/wp-json\/wp\/v2\/posts\/162323\/revisions"}],"predecessor-version":[{"id":162324,"href":"https:\/\/www.caririemacao.com\/1\/wp-json\/wp\/v2\/posts\/162323\/revisions\/162324"}],"wp:featuredmedia":[{"embeddable":true,"href":"https:\/\/www.caririemacao.com\/1\/wp-json\/wp\/v2\/media\/18411"}],"wp:attachment":[{"href":"https:\/\/www.caririemacao.com\/1\/wp-json\/wp\/v2\/media?parent=162323"}],"wp:term":[{"taxonomy":"category","embeddable":true,"href":"https:\/\/www.caririemacao.com\/1\/wp-json\/wp\/v2\/categories?post=162323"},{"taxonomy":"post_tag","embeddable":true,"href":"https:\/\/www.caririemacao.com\/1\/wp-json\/wp\/v2\/tags?post=162323"}],"curies":[{"name":"wp","href":"https:\/\/api.w.org\/{rel}","templated":true}]}}