{"id":162329,"date":"2020-04-05T17:15:49","date_gmt":"2020-04-05T20:15:49","guid":{"rendered":"http:\/\/www.caririemacao.com\/1\/?p=162329"},"modified":"2020-04-05T17:15:51","modified_gmt":"2020-04-05T20:15:51","slug":"nove-pessoas-com-covid-19-ja-se-recuperaram-na-pb-afirma-secretaria-de-saude","status":"publish","type":"post","link":"https:\/\/www.caririemacao.com\/1\/2020\/04\/05\/nove-pessoas-com-covid-19-ja-se-recuperaram-na-pb-afirma-secretaria-de-saude\/","title":{"rendered":"Nove pessoas com Covid-19 j\u00e1 se recuperaram na PB, afirma Secretaria de Sa\u00fade"},"content":{"rendered":"\n<p>A Secretaria Estadual de Sa\u00fade do Estado informou, neste domingo (5), que nove das 34 pessoas confirmadas com infec\u00e7\u00e3o na Para\u00edba est\u00e3o recuperadas.<\/p>\n\n\n\n<p>Ainda de acordo com o \u00f3rg\u00e3o, dos casos confirmados, 4 encontra-se hospitalizados e 18 seguem em isolamento domiciliar.<\/p>\n\n\n\n<p>A Secretaria Estadual de Sa\u00fade (SES-PB) tem um total de 3 \u00f3bitos por Covid-19. Segue em investiga\u00e7\u00e3o 10 \u00f3bitos por SRAG por Covid-19, sendo um ocorrido hoje. Trata-se de um homem de um homem de 43 anos, hipertenso, com in\u00edcio dos sintomas em 28 de mar\u00e7o. Ele deu entrada no dia 01 de mar\u00e7o em Hospital Privado em Jo\u00e3o Pessoa, no dia 02 em UTI, e veio a \u00f3bito.<\/p>\n\n\n\n<p>No momento, 12 pacientes est\u00e3o internados em UTI (8 em estabelecimentos p\u00fablicos e 4 no privado) e 100 em leitos de isolamento seguindo em investiga\u00e7\u00e3o para Covid-19.<\/p>\n\n\n\n<p>No Estado s\u00e3o mais 660 notifica\u00e7\u00f5es em investiga\u00e7\u00e3o de casos suspeitos de coronav\u00edrus notificados pelos munic\u00edpios mediante suspeita cl\u00ednica para S\u00edndrome Gripal por Covid-19, &nbsp;dados esses registrados anteriormente no sistema Redcap e ap\u00f3s an\u00e1lise amostras a serem rodadas para o agravo.<\/p>\n\n\n\n<p>Um total de 523 casos notificados j\u00e1 foram descartados por exames laboratoriais para S\u00edndrome Gripal e casos SRAG por Covid-19.<\/p>\n\n\n\n<p><em>Mais PB<\/em><\/p>\n","protected":false},"excerpt":{"rendered":"<p>A Secretaria Estadual de Sa\u00fade do Estado informou, neste domingo (5), que nove das 34 pessoas confirmadas com infec\u00e7\u00e3o na Para\u00edba est\u00e3o recuperadas. Ainda de&hellip; <\/p>\n","protected":false},"author":2,"featured_media":161994,"comment_status":"closed","ping_status":"closed","sticky":false,"template":"","format":"standard","meta":{"sfsi_plus_gutenberg_text_before_share":"","sfsi_plus_gutenberg_show_text_before_share":"","sfsi_plus_gutenberg_icon_type":"","sfsi_plus_gutenberg_icon_alignemt":"","sfsi_plus_gutenburg_max_per_row":"","footnotes":""},"categories":[16],"tags":[],"class_list":["post-162329","post","type-post","status-publish","format-standard","has-post-thumbnail","hentry","category-saude"],"_links":{"self":[{"href":"https:\/\/www.caririemacao.com\/1\/wp-json\/wp\/v2\/posts\/162329","targetHints":{"allow":["GET"]}}],"collection":[{"href":"https:\/\/www.caririemacao.com\/1\/wp-json\/wp\/v2\/posts"}],"about":[{"href":"https:\/\/www.caririemacao.com\/1\/wp-json\/wp\/v2\/types\/post"}],"author":[{"embeddable":true,"href":"https:\/\/www.caririemacao.com\/1\/wp-json\/wp\/v2\/users\/2"}],"replies":[{"embeddable":true,"href":"https:\/\/www.caririemacao.com\/1\/wp-json\/wp\/v2\/comments?post=162329"}],"version-history":[{"count":1,"href":"https:\/\/www.caririemacao.com\/1\/wp-json\/wp\/v2\/posts\/162329\/revisions"}],"predecessor-version":[{"id":162330,"href":"https:\/\/www.caririemacao.com\/1\/wp-json\/wp\/v2\/posts\/162329\/revisions\/162330"}],"wp:featuredmedia":[{"embeddable":true,"href":"https:\/\/www.caririemacao.com\/1\/wp-json\/wp\/v2\/media\/161994"}],"wp:attachment":[{"href":"https:\/\/www.caririemacao.com\/1\/wp-json\/wp\/v2\/media?parent=162329"}],"wp:term":[{"taxonomy":"category","embeddable":true,"href":"https:\/\/www.caririemacao.com\/1\/wp-json\/wp\/v2\/categories?post=162329"},{"taxonomy":"post_tag","embeddable":true,"href":"https:\/\/www.caririemacao.com\/1\/wp-json\/wp\/v2\/tags?post=162329"}],"curies":[{"name":"wp","href":"https:\/\/api.w.org\/{rel}","templated":true}]}}