{"id":162334,"date":"2020-04-06T06:36:56","date_gmt":"2020-04-06T09:36:56","guid":{"rendered":"http:\/\/www.caririemacao.com\/1\/?p=162334"},"modified":"2020-04-06T06:36:59","modified_gmt":"2020-04-06T09:36:59","slug":"presidente-bolsonaro-faz-ameaca-a-integrantes-de-seu-governo","status":"publish","type":"post","link":"https:\/\/www.caririemacao.com\/1\/2020\/04\/06\/presidente-bolsonaro-faz-ameaca-a-integrantes-de-seu-governo\/","title":{"rendered":"Presidente Bolsonaro faz amea\u00e7a a integrantes de seu governo"},"content":{"rendered":"\n<p>Sem citar nomes, o&nbsp;<a href=\"https:\/\/paraibaonline.com.br\/2020\/04\/datafolha-maioria-da-populacao-e-contra-renuncia-de-bolsonaro\/\">presidente Jair Bolsonaro<\/a>&nbsp;(sem partido) disse neste domingo (5) que algo subiu \u00e0 cabe\u00e7a de integrantes de seu governo e que \u201ca hora deles vai chegar\u201d, pois n\u00e3o tem \u201cmedo de usar a caneta\u201d.<\/p>\n\n\n\n<p>\u201cAlgumas pessoas no meu governo algo subiu a cabe\u00e7a deles. Eram pessoas normais mas de repente viraram estrelas, falam pelos cotovelos, tem provoca\u00e7\u00f5es. A hora deles n\u00e3o chegou ainda n\u00e3o. Vai chegar a hora deles. E a minha caneta funciona. N\u00e3o tenho medo de usar a caneta, nem pavor. E ela vai ser usada para o bem do Brasil. N\u00e3o \u00e9 para o meu bem. Nada pessoal meu\u201d, afirmou Bolsonaro a um grupo de religiosos que se aglomerou diante do Pal\u00e1cio da Alvorada.<\/p>\n\n\n\n<p>Nos \u00faltimos dias, Bolsonaro vem se estranhando com seu ministro da Sa\u00fade, Luiz Henrique Mandetta, e chegou a afirmar que seu auxiliar n\u00e3o tem humildade.<\/p>\n\n\n\n<p>A aprova\u00e7\u00e3o da condu\u00e7\u00e3o da crise do novo coronav\u00edrus pelo Minist\u00e9rio da Sa\u00fade disparou, e j\u00e1 \u00e9 mais do que o dobro da registrada por Jair Bolsonaro. Governadores e prefeitos tamb\u00e9m t\u00eam avalia\u00e7\u00e3o superior \u00e0 do presidente.<\/p>\n\n\n\n<p>\u00c9 o que revelou pesquisa do Datafolha feita de quarta (1\u00ba) at\u00e9 esta sexta (3). O levantamento ouviu 1.511 pessoas por telefone, para evitar contato pessoal, e tem margem de erro de tr\u00eas pontos percentuais para mais ou menos.<\/p>\n\n\n\n<p>Na rodada anterior, feita de 18 a 20 de mar\u00e7o, a pasta conduzida por Luiz Henrique Mandetta tinha uma aprova\u00e7\u00e3o de 55%. Agora, o n\u00famero saltou para 76%, enquanto a reprova\u00e7\u00e3o caiu de 12% para 5%. Foi de 31% para 18% o n\u00famero daqueles que veem um trabalho regular da Sa\u00fade.<\/p>\n\n\n\n<p>J\u00e1 o presidente viu sua reprova\u00e7\u00e3o na emerg\u00eancia sanit\u00e1ria subir de 33% para 39%, crescimento no limite da margem de erro. A aprova\u00e7\u00e3o segue est\u00e1vel (33% ante 35%), assim como a avalia\u00e7\u00e3o regular (26% para 25%).<\/p>\n","protected":false},"excerpt":{"rendered":"<p>Sem citar nomes, o&nbsp;presidente Jair Bolsonaro&nbsp;(sem partido) disse neste domingo (5) que algo subiu \u00e0 cabe\u00e7a de integrantes de seu governo e que \u201ca hora&hellip; <\/p>\n","protected":false},"author":2,"featured_media":162335,"comment_status":"closed","ping_status":"closed","sticky":false,"template":"","format":"standard","meta":{"sfsi_plus_gutenberg_text_before_share":"","sfsi_plus_gutenberg_show_text_before_share":"","sfsi_plus_gutenberg_icon_type":"","sfsi_plus_gutenberg_icon_alignemt":"","sfsi_plus_gutenburg_max_per_row":"","footnotes":""},"categories":[11],"tags":[],"class_list":["post-162334","post","type-post","status-publish","format-standard","has-post-thumbnail","hentry","category-politica"],"_links":{"self":[{"href":"https:\/\/www.caririemacao.com\/1\/wp-json\/wp\/v2\/posts\/162334","targetHints":{"allow":["GET"]}}],"collection":[{"href":"https:\/\/www.caririemacao.com\/1\/wp-json\/wp\/v2\/posts"}],"about":[{"href":"https:\/\/www.caririemacao.com\/1\/wp-json\/wp\/v2\/types\/post"}],"author":[{"embeddable":true,"href":"https:\/\/www.caririemacao.com\/1\/wp-json\/wp\/v2\/users\/2"}],"replies":[{"embeddable":true,"href":"https:\/\/www.caririemacao.com\/1\/wp-json\/wp\/v2\/comments?post=162334"}],"version-history":[{"count":1,"href":"https:\/\/www.caririemacao.com\/1\/wp-json\/wp\/v2\/posts\/162334\/revisions"}],"predecessor-version":[{"id":162336,"href":"https:\/\/www.caririemacao.com\/1\/wp-json\/wp\/v2\/posts\/162334\/revisions\/162336"}],"wp:featuredmedia":[{"embeddable":true,"href":"https:\/\/www.caririemacao.com\/1\/wp-json\/wp\/v2\/media\/162335"}],"wp:attachment":[{"href":"https:\/\/www.caririemacao.com\/1\/wp-json\/wp\/v2\/media?parent=162334"}],"wp:term":[{"taxonomy":"category","embeddable":true,"href":"https:\/\/www.caririemacao.com\/1\/wp-json\/wp\/v2\/categories?post=162334"},{"taxonomy":"post_tag","embeddable":true,"href":"https:\/\/www.caririemacao.com\/1\/wp-json\/wp\/v2\/tags?post=162334"}],"curies":[{"name":"wp","href":"https:\/\/api.w.org\/{rel}","templated":true}]}}