{"id":162337,"date":"2020-04-06T06:38:20","date_gmt":"2020-04-06T09:38:20","guid":{"rendered":"http:\/\/www.caririemacao.com\/1\/?p=162337"},"modified":"2020-04-06T06:38:22","modified_gmt":"2020-04-06T09:38:22","slug":"paraiba-confirma-4o-obito-por-coronavirus-boletim-confirma-3o-caso-em-cg","status":"publish","type":"post","link":"https:\/\/www.caririemacao.com\/1\/2020\/04\/06\/paraiba-confirma-4o-obito-por-coronavirus-boletim-confirma-3o-caso-em-cg\/","title":{"rendered":"Para\u00edba confirma 4\u00ba \u00f3bito por coronav\u00edrus; boletim confirma 3\u00ba caso em CG"},"content":{"rendered":"\n<p>Uma mulher de 29 anos, moradora de Campina Grande, \u00e9 o terceiro caso de Convid-19 confirmado na cidade.<\/p>\n\n\n\n<p>A informa\u00e7\u00e3o \u00e9 da Secretaria de Estado da Sa\u00fade.<\/p>\n\n\n\n<p>De acordo com o boletim do Estado a mulher segue acompanhada pela vigil\u00e2ncia municipal.<\/p>\n\n\n\n<p>Conforme o boletim, a Para\u00edba registrou o quarto \u00f3bito provocado pelo coronav\u00edrus. Trata-se de uma mulher de 88 anos que estava internada na UTI de um hospital privado da Capital e morreu na noite deste s\u00e1bado, 04. O diagn\u00f3stico dela foi confirmado no \u00faltimo dia 02 de abril.<\/p>\n\n\n\n<p><a href=\"https:\/\/paraibaonline.com.br\/2020\/04\/paraiba-confirma-terceiro-obito-por-covid-19-dois-so-neste-sabado\/\">Ainda no s\u00e1bado foram registradas mais duas mortes<\/a>, sendo de uma idosa de 86 anos, moradora de Junco do Serid\u00f3, e um homem de 43, morador de Jo\u00e3o Pessoa.<\/p>\n\n\n\n<p>A primeira morte registrada no estado, pelo coronav\u00edrus, foi de um empres\u00e1rio de 30 anos de Patos, Sert\u00e3o.<\/p>\n\n\n\n<p>At\u00e9 agora, os casos confirmados est\u00e3o distribu\u00eddos por 8 munic\u00edpios: Jo\u00e3o Pessoa, Campina Grande, Cabedelo, Patos, Sousa, Igaracy, Junco do Serid\u00f3 e Serra Branca.<\/p>\n\n\n\n<p>No momento, a Para\u00edba tem 138 pessoas internadas, sendo 119 em enfermaria (74 p\u00fablicos e 45 privados) e 19 em UTI (5 privados e 14 p\u00fablicos), seguindo em investiga\u00e7\u00e3o para Covid-19.<\/p>\n\n\n\n<p>Dos casos confirmados, tr\u00eas encontram-se hospitalizados, nove j\u00e1 se recuperaram e 18 seguem em isolamento domiciliar.<\/p>\n\n\n\n<p>A Secretaria Estadual de Sa\u00fade (SES-PB) tem um total de quatro \u00f3bitos por Covid-19 e seguem em investiga\u00e7\u00e3o 13 \u00f3bitos por SRAG por Covid-19.<\/p>\n","protected":false},"excerpt":{"rendered":"<p>Uma mulher de 29 anos, moradora de Campina Grande, \u00e9 o terceiro caso de Convid-19 confirmado na cidade. A informa\u00e7\u00e3o \u00e9 da Secretaria de Estado&hellip; <\/p>\n","protected":false},"author":2,"featured_media":162338,"comment_status":"closed","ping_status":"closed","sticky":false,"template":"","format":"standard","meta":{"sfsi_plus_gutenberg_text_before_share":"","sfsi_plus_gutenberg_show_text_before_share":"","sfsi_plus_gutenberg_icon_type":"","sfsi_plus_gutenberg_icon_alignemt":"","sfsi_plus_gutenburg_max_per_row":"","footnotes":""},"categories":[2],"tags":[],"class_list":["post-162337","post","type-post","status-publish","format-standard","has-post-thumbnail","hentry","category-geral"],"_links":{"self":[{"href":"https:\/\/www.caririemacao.com\/1\/wp-json\/wp\/v2\/posts\/162337","targetHints":{"allow":["GET"]}}],"collection":[{"href":"https:\/\/www.caririemacao.com\/1\/wp-json\/wp\/v2\/posts"}],"about":[{"href":"https:\/\/www.caririemacao.com\/1\/wp-json\/wp\/v2\/types\/post"}],"author":[{"embeddable":true,"href":"https:\/\/www.caririemacao.com\/1\/wp-json\/wp\/v2\/users\/2"}],"replies":[{"embeddable":true,"href":"https:\/\/www.caririemacao.com\/1\/wp-json\/wp\/v2\/comments?post=162337"}],"version-history":[{"count":1,"href":"https:\/\/www.caririemacao.com\/1\/wp-json\/wp\/v2\/posts\/162337\/revisions"}],"predecessor-version":[{"id":162339,"href":"https:\/\/www.caririemacao.com\/1\/wp-json\/wp\/v2\/posts\/162337\/revisions\/162339"}],"wp:featuredmedia":[{"embeddable":true,"href":"https:\/\/www.caririemacao.com\/1\/wp-json\/wp\/v2\/media\/162338"}],"wp:attachment":[{"href":"https:\/\/www.caririemacao.com\/1\/wp-json\/wp\/v2\/media?parent=162337"}],"wp:term":[{"taxonomy":"category","embeddable":true,"href":"https:\/\/www.caririemacao.com\/1\/wp-json\/wp\/v2\/categories?post=162337"},{"taxonomy":"post_tag","embeddable":true,"href":"https:\/\/www.caririemacao.com\/1\/wp-json\/wp\/v2\/tags?post=162337"}],"curies":[{"name":"wp","href":"https:\/\/api.w.org\/{rel}","templated":true}]}}