{"id":162345,"date":"2020-04-06T06:41:23","date_gmt":"2020-04-06T09:41:23","guid":{"rendered":"http:\/\/www.caririemacao.com\/1\/?p=162345"},"modified":"2020-04-06T06:41:25","modified_gmt":"2020-04-06T09:41:25","slug":"ministerio-da-saude-atualiza-numeros-do-coronavirus-no-brasil","status":"publish","type":"post","link":"https:\/\/www.caririemacao.com\/1\/2020\/04\/06\/ministerio-da-saude-atualiza-numeros-do-coronavirus-no-brasil\/","title":{"rendered":"Minist\u00e9rio da Sa\u00fade atualiza n\u00fameros do coronav\u00edrus no Brasil"},"content":{"rendered":"\n<p>&nbsp;O Brasil j\u00e1 registra ao menos 486 mortes pelo novo coronav\u00edrus, de acordo com dados do Minist\u00e9rio da Sa\u00fade divulgados neste s\u00e1bado (4).<\/p>\n\n\n\n<p><a href=\"https:\/\/paraibaonline.com.br\/2020\/04\/paraiba-confirma-4o-obito-por-coronavirus-boletim-aponta-3o-caso-confirmado-em-cg\/\">Foram contabilizadas 54 novas mortes confirmadas nas \u00faltimas 24 horas.<\/a><\/p>\n\n\n\n<p>Com o novo balan\u00e7o, o pa\u00eds tamb\u00e9m j\u00e1 soma 11.130 casos confirmados da doen\u00e7a. O n\u00famero representa um salto de 8,3% em rela\u00e7\u00e3o ao dia anterior, quando foram computados 10.278 casos.<\/p>\n\n\n\n<p>O minist\u00e9rio, por\u00e9m, tem informado que o n\u00famero real de casos tende a ser maior, j\u00e1 que s\u00e3o testados apenas os casos graves, de pacientes internados em hospitais, e h\u00e1 casos represados \u00e0 espera de confirma\u00e7\u00e3o.<\/p>\n\n\n\n<p>Reportagem da Folha de S.Paulo mostrou que equipes de aten\u00e7\u00e3o b\u00e1sica em v\u00e1rias cidades e estados afirmam que a subnotifica\u00e7\u00e3o ao Minist\u00e9rio da Sa\u00fade de casos suspeitos tem sido gigantesca.<\/p>\n\n\n\n<p>Dizem ainda que, sem uma portaria espec\u00edfica do minist\u00e9rio, m\u00e9dicos t\u00eam se guiado por notas t\u00e9cnicas locais com orienta\u00e7\u00f5es distintas<\/p>\n","protected":false},"excerpt":{"rendered":"<p>&nbsp;O Brasil j\u00e1 registra ao menos 486 mortes pelo novo coronav\u00edrus, de acordo com dados do Minist\u00e9rio da Sa\u00fade divulgados neste s\u00e1bado (4). Foram contabilizadas&hellip; <\/p>\n","protected":false},"author":2,"featured_media":162346,"comment_status":"closed","ping_status":"closed","sticky":false,"template":"","format":"standard","meta":{"sfsi_plus_gutenberg_text_before_share":"","sfsi_plus_gutenberg_show_text_before_share":"","sfsi_plus_gutenberg_icon_type":"","sfsi_plus_gutenberg_icon_alignemt":"","sfsi_plus_gutenburg_max_per_row":"","footnotes":""},"categories":[2],"tags":[],"class_list":["post-162345","post","type-post","status-publish","format-standard","has-post-thumbnail","hentry","category-geral"],"_links":{"self":[{"href":"https:\/\/www.caririemacao.com\/1\/wp-json\/wp\/v2\/posts\/162345","targetHints":{"allow":["GET"]}}],"collection":[{"href":"https:\/\/www.caririemacao.com\/1\/wp-json\/wp\/v2\/posts"}],"about":[{"href":"https:\/\/www.caririemacao.com\/1\/wp-json\/wp\/v2\/types\/post"}],"author":[{"embeddable":true,"href":"https:\/\/www.caririemacao.com\/1\/wp-json\/wp\/v2\/users\/2"}],"replies":[{"embeddable":true,"href":"https:\/\/www.caririemacao.com\/1\/wp-json\/wp\/v2\/comments?post=162345"}],"version-history":[{"count":1,"href":"https:\/\/www.caririemacao.com\/1\/wp-json\/wp\/v2\/posts\/162345\/revisions"}],"predecessor-version":[{"id":162347,"href":"https:\/\/www.caririemacao.com\/1\/wp-json\/wp\/v2\/posts\/162345\/revisions\/162347"}],"wp:featuredmedia":[{"embeddable":true,"href":"https:\/\/www.caririemacao.com\/1\/wp-json\/wp\/v2\/media\/162346"}],"wp:attachment":[{"href":"https:\/\/www.caririemacao.com\/1\/wp-json\/wp\/v2\/media?parent=162345"}],"wp:term":[{"taxonomy":"category","embeddable":true,"href":"https:\/\/www.caririemacao.com\/1\/wp-json\/wp\/v2\/categories?post=162345"},{"taxonomy":"post_tag","embeddable":true,"href":"https:\/\/www.caririemacao.com\/1\/wp-json\/wp\/v2\/tags?post=162345"}],"curies":[{"name":"wp","href":"https:\/\/api.w.org\/{rel}","templated":true}]}}