{"id":162350,"date":"2020-04-06T06:47:04","date_gmt":"2020-04-06T09:47:04","guid":{"rendered":"http:\/\/www.caririemacao.com\/1\/?p=162350"},"modified":"2020-04-06T06:47:06","modified_gmt":"2020-04-06T09:47:06","slug":"santander-anuncia-prorrogacao-automatica-de-parcelas-de-credito","status":"publish","type":"post","link":"https:\/\/www.caririemacao.com\/1\/2020\/04\/06\/santander-anuncia-prorrogacao-automatica-de-parcelas-de-credito\/","title":{"rendered":"Santander anuncia prorroga\u00e7\u00e3o autom\u00e1tica de parcelas de cr\u00e9dito"},"content":{"rendered":"\n<p>Os clientes do Santander Brasil com parcelas de d\u00edvidas vencidas e n\u00e3o pagas desde o \u00faltimo dia 16 de mar\u00e7o de 2020, ou que tenham presta\u00e7\u00f5es a vencer at\u00e9 15 de maio, poder\u00e3o ter o prazo para o pagamento automaticamente prorrogado por at\u00e9 60 dias, sem qualquer acr\u00e9scimo. Al\u00e9m da car\u00eancia, o valor das parcelas ser\u00e1 mantido inalterado at\u00e9 o final do financiamento, segundo informa\u00e7\u00e3o divulgada pelo banco.<\/p>\n\n\n\n<p>No m\u00eas passado, Caixa, Banco do Brasil, Bradesco, Ita\u00fa e Santander anunciaram a prorroga\u00e7\u00e3o por por at\u00e9 60 dias dos vencimentos de d\u00edvidas para clientes pessoas f\u00edsicas e micro e pequenas. A medida n\u00e3o vale para cheque especial e cart\u00e3o de cr\u00e9dito. A renegocia\u00e7\u00e3o de d\u00edvidas foi autorizada pelo Conselho Monet\u00e1rio Nacional (CMN).<\/p>\n\n\n\n<p>O conselho facilitou a renegocia\u00e7\u00e3o de opera\u00e7\u00f5es de cr\u00e9ditos de empresas e de fam\u00edlias que possuem boa capacidade financeira e s\u00e3o adimplentes. A medida dispensa os bancos de aumentarem o provisionamento (reserva de valor) no caso de repactua\u00e7\u00e3o de opera\u00e7\u00f5es de cr\u00e9dito que sejam realizadas nos pr\u00f3ximos seis meses.<\/p>\n\n\n\n<p>De acordo com o Santander, a repactua\u00e7\u00e3o autom\u00e1tica de d\u00edvidas abrange as modalidades de cr\u00e9dito pessoal, unificado e de renegocia\u00e7\u00e3o, al\u00e9m do cr\u00e9dito direto ao consumidor (CDC) feito na ag\u00eancia. Estas linhas ter\u00e3o os pagamentos prorrogados pelo banco por 30 dias ap\u00f3s o primeiro vencimento, e por mais 30 dias ap\u00f3s o segundo vencimento (at\u00e9 16 de maio), totalizando os 60 dias de prazo extra. O banco tamb\u00e9m avaliar\u00e1 a possibilidade de conceder novas prorroga\u00e7\u00f5es ao fim deste per\u00edodo.<\/p>\n\n\n\n<p>Quem estiver com o pagamento de suas parcelas em dia dever\u00e1 fazer o pedido pelo site www.santander.com.br\/cuidar. Neste caso, o cliente receber\u00e1 um SMS dizendo que o pedido foi recebido e, at\u00e9 a semana seguinte, uma segunda mensagem de texto confirmando a validade da opera\u00e7\u00e3o. N\u00e3o \u00e9 necess\u00e1rio ir \u00e0 ag\u00eancia ou ligar para a central de atendimento.<\/p>\n\n\n\n<p>Outra iniciativa \u00e9 que permite parcelar a fatura com data de vencimento a partir de dia 15 de abril, em 24 meses, com 50% de desconto na taxa de juros e possibilidade de car\u00eancia de at\u00e9 60 dias at\u00e9 a primeira parcela. As solicita\u00e7\u00f5es estar\u00e3o dispon\u00edveis pelos apps Way ou Santander, al\u00e9m do internet banking.<\/p>\n\n\n\n<p>Empresas<\/p>\n\n\n\n<p>A prorroga\u00e7\u00e3o de contratos por 60 dias tamb\u00e9m ser\u00e1 autom\u00e1tica para as micro e pequenas empresas com parcelas vencidas e n\u00e3o pagas desde o \u00faltimo dia 16 de mar\u00e7o, sem qualquer cobran\u00e7a de tarifa e multa, mantendo o valor e quantidade de parcelas inalterados. A oferta estar\u00e1 v\u00e1lida at\u00e9 16 de maio de 2020.<\/p>\n\n\n\n<p>Segundo o banco, a partir da pr\u00f3xima semana, as empresas poder\u00e3o solicitar a prorroga\u00e7\u00e3o por 60 dias dos vencimentos de parcelas de financiamentos diretamente no internet banking \u2013 at\u00e9 agora, esses pedidos eram feitos por telefone. As empresas contam com a possibilidade de solicitar a posterga\u00e7\u00e3o por 60 dias das parcelas de Capital de Giro, Renegocia\u00e7\u00e3o e Cr\u00e9dito Direto ao Consumidor (CDC PJ).<\/p>\n\n\n\n<p>E a partir do pr\u00f3ximo dia 9, o banco pretende inciar o financiamento da folha de pagamentos de pequenas e m\u00e9dias por at\u00e9 dois meses, nos moldes do an\u00fancio feito no \u00faltimo dia 27 de mar\u00e7o pelo governo federal. A medida ainda precisa ser regulamentada pelo governo.<\/p>\n\n\n\n<p>O cr\u00e9dito ser\u00e1 feito diretamente nas contas de cada funcion\u00e1rio, at\u00e9 o valor de dois sal\u00e1rios m\u00ednimos. As empresas contar\u00e3o com uma car\u00eancia de 6 meses para pagar a primeira parcela e 36 meses para quitar o empr\u00e9stimo, com taxa fixa de 3,75% ao ano. A linha tem o apoio e garantia do Tesouro Nacional, ser\u00e1 viabilizada pelo Banco Nacional de Desenvolvimento Econ\u00f4mico e Social (BNDES) e estar\u00e1 dispon\u00edvel para neg\u00f3cios com faturamento anual de R$ 360 mil at\u00e9 R$ 10 milh\u00f5es.<\/p>\n\n\n\n<p>Aut\u00f4nomos<\/p>\n\n\n\n<p>No caso dos aut\u00f4nomos e microempreendedores individuais (MEIs), o banco informou que tamb\u00e9m oferece 60 dias de car\u00eancia. Da mesma forma, os clientes do Prospera Santander Microfinan\u00e7as devem fazer a solicita\u00e7\u00e3o aos agentes de cr\u00e9dito que os atendem. Os valores das parcelas tamb\u00e9m ser\u00e3o mantidos inalterados para estes segmentos.<\/p>\n\n\n\n<p>Demais linhas de cr\u00e9dito<\/p>\n\n\n\n<p>No caso do financiamento imobili\u00e1rio e do cr\u00e9dito com garantia de im\u00f3vel, o cliente poder\u00e1 solicitar, pelo mesmo site (www.santander.com.br\/cuidar), uma car\u00eancia de 60 dias, com a mesma taxa de juros. A condi\u00e7\u00e3o ser\u00e1 v\u00e1lida para os pedidos feitos at\u00e9 16 de maio de 2020.<\/p>\n\n\n\n<p>Os empr\u00e9stimos concedidos pela Santander Financiamentos para a compra de ve\u00edculos, embora n\u00e3o abrangidos pela resolu\u00e7\u00e3o do CMN, tamb\u00e9m poder\u00e3o ter os vencimentos prorrogados, a partir do pr\u00f3ximo dia 15. Para bens e servi\u00e7os, o adiamento estar\u00e1 dispon\u00edvel a partir de maio. As solicita\u00e7\u00f5es poder\u00e3o ser feitas diretamente pelo site www.santanderfinanciamentos.com.br ou pelo aplicativo da financeira.<\/p>\n\n\n\n<p>Com EBC<\/p>\n","protected":false},"excerpt":{"rendered":"<p>Os clientes do Santander Brasil com parcelas de d\u00edvidas vencidas e n\u00e3o pagas desde o \u00faltimo dia 16 de mar\u00e7o de 2020, ou que tenham&hellip; <\/p>\n","protected":false},"author":2,"featured_media":162351,"comment_status":"closed","ping_status":"closed","sticky":false,"template":"","format":"standard","meta":{"sfsi_plus_gutenberg_text_before_share":"","sfsi_plus_gutenberg_show_text_before_share":"","sfsi_plus_gutenberg_icon_type":"","sfsi_plus_gutenberg_icon_alignemt":"","sfsi_plus_gutenburg_max_per_row":"","footnotes":""},"categories":[2],"tags":[],"class_list":["post-162350","post","type-post","status-publish","format-standard","has-post-thumbnail","hentry","category-geral"],"_links":{"self":[{"href":"https:\/\/www.caririemacao.com\/1\/wp-json\/wp\/v2\/posts\/162350","targetHints":{"allow":["GET"]}}],"collection":[{"href":"https:\/\/www.caririemacao.com\/1\/wp-json\/wp\/v2\/posts"}],"about":[{"href":"https:\/\/www.caririemacao.com\/1\/wp-json\/wp\/v2\/types\/post"}],"author":[{"embeddable":true,"href":"https:\/\/www.caririemacao.com\/1\/wp-json\/wp\/v2\/users\/2"}],"replies":[{"embeddable":true,"href":"https:\/\/www.caririemacao.com\/1\/wp-json\/wp\/v2\/comments?post=162350"}],"version-history":[{"count":1,"href":"https:\/\/www.caririemacao.com\/1\/wp-json\/wp\/v2\/posts\/162350\/revisions"}],"predecessor-version":[{"id":162352,"href":"https:\/\/www.caririemacao.com\/1\/wp-json\/wp\/v2\/posts\/162350\/revisions\/162352"}],"wp:featuredmedia":[{"embeddable":true,"href":"https:\/\/www.caririemacao.com\/1\/wp-json\/wp\/v2\/media\/162351"}],"wp:attachment":[{"href":"https:\/\/www.caririemacao.com\/1\/wp-json\/wp\/v2\/media?parent=162350"}],"wp:term":[{"taxonomy":"category","embeddable":true,"href":"https:\/\/www.caririemacao.com\/1\/wp-json\/wp\/v2\/categories?post=162350"},{"taxonomy":"post_tag","embeddable":true,"href":"https:\/\/www.caririemacao.com\/1\/wp-json\/wp\/v2\/tags?post=162350"}],"curies":[{"name":"wp","href":"https:\/\/api.w.org\/{rel}","templated":true}]}}