{"id":162365,"date":"2020-04-06T06:58:58","date_gmt":"2020-04-06T09:58:58","guid":{"rendered":"http:\/\/www.caririemacao.com\/1\/?p=162365"},"modified":"2020-04-06T06:59:01","modified_gmt":"2020-04-06T09:59:01","slug":"diretora-e-medica-do-hemocentro-falam-sobre-queda-na-doacao-de-sangue-e-temem-que-pessoas-morram-por-estoque-zerado","status":"publish","type":"post","link":"https:\/\/www.caririemacao.com\/1\/2020\/04\/06\/diretora-e-medica-do-hemocentro-falam-sobre-queda-na-doacao-de-sangue-e-temem-que-pessoas-morram-por-estoque-zerado\/","title":{"rendered":"Diretora e m\u00e9dica do Hemocentro falam sobre queda na doa\u00e7\u00e3o de sangue e temem que pessoas morram por estoque &#8216;zerado&#8217;"},"content":{"rendered":"\n<p>A diretora-geral do Hemocentro da Para\u00edba, Shirlene Gadelha, e a m\u00e9dica hematologista Sandra Sibele concederam entrevista ao vivo ao jornalista Eliseu Lins neste domingo (5) para falar sobre a queda na doa\u00e7\u00e3o de sangue, as campanhas que a institui\u00e7\u00e3o est\u00e3o fazendo para manter o estoque e o temor de que pessoas possam vir a falecer por falta de sangue.<\/p>\n\n\n\n<p>O Hemocentro inicia nesta semana uma campanha para incentivar os condom\u00ednios a se engajar e agendar coleta no pr\u00f3prio local. Outra iniciativa \u00e9 o agendamento da doa\u00e7\u00e3o por telefone, j\u00e1 que a institui\u00e7\u00e3o passa por algumas adequa\u00e7\u00f5es para evitar aglomera\u00e7\u00e3o de gente.<\/p>\n\n\n\n<p>As duas profissionais tamb\u00e9m abordam assuntos como as restri\u00e7\u00f5es para quem teve contato com algu\u00e9m com suspeita e tirou muitas d\u00favidas dos internautas que a todo momento queriam mais informa\u00e7\u00f5es sobre o assunto.<\/p>\n\n\n\n<p>A conversa est\u00e1 dispon\u00edvel no&nbsp;<a href=\"https:\/\/www.instagram.com\/portalclickpb\/\">Instagram do portal ClickPB<\/a>.<\/p>\n","protected":false},"excerpt":{"rendered":"<p>A diretora-geral do Hemocentro da Para\u00edba, Shirlene Gadelha, e a m\u00e9dica hematologista Sandra Sibele concederam entrevista ao vivo ao jornalista Eliseu Lins neste domingo (5)&hellip; <\/p>\n","protected":false},"author":2,"featured_media":162366,"comment_status":"closed","ping_status":"closed","sticky":false,"template":"","format":"standard","meta":{"sfsi_plus_gutenberg_text_before_share":"","sfsi_plus_gutenberg_show_text_before_share":"","sfsi_plus_gutenberg_icon_type":"","sfsi_plus_gutenberg_icon_alignemt":"","sfsi_plus_gutenburg_max_per_row":"","footnotes":""},"categories":[2],"tags":[],"class_list":["post-162365","post","type-post","status-publish","format-standard","has-post-thumbnail","hentry","category-geral"],"_links":{"self":[{"href":"https:\/\/www.caririemacao.com\/1\/wp-json\/wp\/v2\/posts\/162365","targetHints":{"allow":["GET"]}}],"collection":[{"href":"https:\/\/www.caririemacao.com\/1\/wp-json\/wp\/v2\/posts"}],"about":[{"href":"https:\/\/www.caririemacao.com\/1\/wp-json\/wp\/v2\/types\/post"}],"author":[{"embeddable":true,"href":"https:\/\/www.caririemacao.com\/1\/wp-json\/wp\/v2\/users\/2"}],"replies":[{"embeddable":true,"href":"https:\/\/www.caririemacao.com\/1\/wp-json\/wp\/v2\/comments?post=162365"}],"version-history":[{"count":1,"href":"https:\/\/www.caririemacao.com\/1\/wp-json\/wp\/v2\/posts\/162365\/revisions"}],"predecessor-version":[{"id":162367,"href":"https:\/\/www.caririemacao.com\/1\/wp-json\/wp\/v2\/posts\/162365\/revisions\/162367"}],"wp:featuredmedia":[{"embeddable":true,"href":"https:\/\/www.caririemacao.com\/1\/wp-json\/wp\/v2\/media\/162366"}],"wp:attachment":[{"href":"https:\/\/www.caririemacao.com\/1\/wp-json\/wp\/v2\/media?parent=162365"}],"wp:term":[{"taxonomy":"category","embeddable":true,"href":"https:\/\/www.caririemacao.com\/1\/wp-json\/wp\/v2\/categories?post=162365"},{"taxonomy":"post_tag","embeddable":true,"href":"https:\/\/www.caririemacao.com\/1\/wp-json\/wp\/v2\/tags?post=162365"}],"curies":[{"name":"wp","href":"https:\/\/api.w.org\/{rel}","templated":true}]}}