{"id":162376,"date":"2020-04-06T08:06:39","date_gmt":"2020-04-06T11:06:39","guid":{"rendered":"http:\/\/www.caririemacao.com\/1\/?p=162376"},"modified":"2020-04-06T08:06:41","modified_gmt":"2020-04-06T11:06:41","slug":"policia-apreende-armas-de-fogo-replica-de-fuzil-capas-de-colete","status":"publish","type":"post","link":"https:\/\/www.caririemacao.com\/1\/2020\/04\/06\/policia-apreende-armas-de-fogo-replica-de-fuzil-capas-de-colete\/","title":{"rendered":"Pol\u00edcia apreende armas de fogo, r\u00e9plica de fuzil, capas de colete"},"content":{"rendered":"\n<p>Policiais militares do 5\u00ba Batalh\u00e3o, nas \u00faltimas horas desse s\u00e1bado (4), recuperaram um ve\u00edculo com registro de roubo e placa clonada no bairro de Mangabeira, na capital, com um homem de 19 anos. Ao ser questionada a origem do ve\u00edculo, o suspeito indicou o endere\u00e7o de outro homem.<\/p>\n\n\n\n<figure><iframe data-src=\"https:\/\/tpc.googlesyndication.com\/safeframe\/1-0-37\/html\/container.html\" width=\"1\" height=\"1\" src=\"data:image\/svg+xml;base64,PHN2ZyB3aWR0aD0iMSIgaGVpZ2h0PSIxIiB4bWxucz0iaHR0cDovL3d3dy53My5vcmcvMjAwMC9zdmciPjwvc3ZnPg==\" class=\"lazyload\" data-load-mode=\"1\"><\/iframe><\/figure>\n\n\n\n<p>Ao continuar as dilig\u00eancias, os policiais do 5\u00ba BPM contaram com o aux\u00edlio dos policiais da 1\u00aa Companhia de Choque e da 6\u00aa Companhia Independente e se dirigiram at\u00e9 o bairro do Jacar\u00e9, em Cabedelo. Ao chegar na resid\u00eancia, os policiais localizaram o suspeito de 42 anos e com ele foram apreendidos dois rev\u00f3lveres calibre 38, uma r\u00e9plica de fuzil (airsoft) e duas capas de colete.<\/p>\n\n\n\n<p>O material apreendido e os suspeitos foram conduzidos para a Central de Flagrantes, j\u00e1 na madrugada deste domingo (5). O suspeito de 19 anos foi autuado por recepta\u00e7\u00e3o e o de 42 anos foi autuado por posse ilegal de armas de fogo.<\/p>\n\n\n\n<p><strong>MaisPB<\/strong><\/p>\n\n\n\n<p><\/p>\n","protected":false},"excerpt":{"rendered":"<p>Policiais militares do 5\u00ba Batalh\u00e3o, nas \u00faltimas horas desse s\u00e1bado (4), recuperaram um ve\u00edculo com registro de roubo e placa clonada no bairro de Mangabeira,&hellip; <\/p>\n","protected":false},"author":2,"featured_media":162377,"comment_status":"closed","ping_status":"closed","sticky":false,"template":"","format":"standard","meta":{"sfsi_plus_gutenberg_text_before_share":"","sfsi_plus_gutenberg_show_text_before_share":"","sfsi_plus_gutenberg_icon_type":"","sfsi_plus_gutenberg_icon_alignemt":"","sfsi_plus_gutenburg_max_per_row":"","footnotes":""},"categories":[2],"tags":[],"class_list":["post-162376","post","type-post","status-publish","format-standard","has-post-thumbnail","hentry","category-geral"],"_links":{"self":[{"href":"https:\/\/www.caririemacao.com\/1\/wp-json\/wp\/v2\/posts\/162376","targetHints":{"allow":["GET"]}}],"collection":[{"href":"https:\/\/www.caririemacao.com\/1\/wp-json\/wp\/v2\/posts"}],"about":[{"href":"https:\/\/www.caririemacao.com\/1\/wp-json\/wp\/v2\/types\/post"}],"author":[{"embeddable":true,"href":"https:\/\/www.caririemacao.com\/1\/wp-json\/wp\/v2\/users\/2"}],"replies":[{"embeddable":true,"href":"https:\/\/www.caririemacao.com\/1\/wp-json\/wp\/v2\/comments?post=162376"}],"version-history":[{"count":1,"href":"https:\/\/www.caririemacao.com\/1\/wp-json\/wp\/v2\/posts\/162376\/revisions"}],"predecessor-version":[{"id":162378,"href":"https:\/\/www.caririemacao.com\/1\/wp-json\/wp\/v2\/posts\/162376\/revisions\/162378"}],"wp:featuredmedia":[{"embeddable":true,"href":"https:\/\/www.caririemacao.com\/1\/wp-json\/wp\/v2\/media\/162377"}],"wp:attachment":[{"href":"https:\/\/www.caririemacao.com\/1\/wp-json\/wp\/v2\/media?parent=162376"}],"wp:term":[{"taxonomy":"category","embeddable":true,"href":"https:\/\/www.caririemacao.com\/1\/wp-json\/wp\/v2\/categories?post=162376"},{"taxonomy":"post_tag","embeddable":true,"href":"https:\/\/www.caririemacao.com\/1\/wp-json\/wp\/v2\/tags?post=162376"}],"curies":[{"name":"wp","href":"https:\/\/api.w.org\/{rel}","templated":true}]}}