{"id":162380,"date":"2020-04-06T08:17:37","date_gmt":"2020-04-06T11:17:37","guid":{"rendered":"http:\/\/www.caririemacao.com\/1\/?p=162380"},"modified":"2020-04-06T08:17:40","modified_gmt":"2020-04-06T11:17:40","slug":"pbtur-incentiva-turistas-a-nao-cancelar-viagens","status":"publish","type":"post","link":"https:\/\/www.caririemacao.com\/1\/2020\/04\/06\/pbtur-incentiva-turistas-a-nao-cancelar-viagens\/","title":{"rendered":"PBtur incentiva turistas a n\u00e3o cancelar viagens"},"content":{"rendered":"\n<p>A Empresa Paraibana de Turismo (PBTur) iniciou neste final de semana uma a\u00e7\u00e3o de divulga\u00e7\u00e3o de um v\u00eddeo institucional de menos de um minuto com imagens do Destino Para\u00edba pelas redes sociais. Com o slogan:\u00a0N\u00e3o Cancele sua viagem para c\u00e1!\u00a0Adie e aguente mais um pouquinho para conhecer o Destino Para\u00edba,\u00a0o objetivo da campanha \u00e9 mostrar aos turistas brasileiros que, ap\u00f3s a pandemia do coronav\u00edrus, vale a pena viajar pelo pa\u00eds e conhecer a Para\u00edba, atendendo a uma orienta\u00e7\u00e3o do Minist\u00e9rio do Turismo (MTur) que j\u00e1 vinha utilizando a hastag\u00a0<strong><em>#<\/em><\/strong><em>RemarqueSuaViagem.<\/em><\/p>\n\n\n\n<p>A presidente da PBTur, Ruth Avelino, explicou que a campanha pelas redes sociais tem uma abrang\u00eancia nacional, feita pelos perfis da entidade no Facebook, Instagram e Twitter. Segundo a executiva, o v\u00eddeo institucional \u00e9 enviado para jornalistas especializados em Turismo e todos os segmentos do setor (companhias a\u00e9reas, redes hoteleiras, operadoras de Turismo, meios de comunica\u00e7\u00e3o, agentes de viagens e empresas de receptivo).<\/p>\n\n\n\n<p>\u201c\u00c9 uma forma de mantermos uma positividade, lembrando que esse momento tempestuoso vai passar. Que o importante s\u00e3o as pessoas, seus momentos de lazer com seus familiares. E que a Para\u00edba \u00e9 um destino que merece ser visitado\u201d, declarou.<\/p>\n\n\n\n<p><strong>MaisPB<\/strong><\/p>\n\n\n\n<p><\/p>\n","protected":false},"excerpt":{"rendered":"<p>A Empresa Paraibana de Turismo (PBTur) iniciou neste final de semana uma a\u00e7\u00e3o de divulga\u00e7\u00e3o de um v\u00eddeo institucional de menos de um minuto com&hellip; <\/p>\n","protected":false},"author":2,"featured_media":162381,"comment_status":"closed","ping_status":"closed","sticky":false,"template":"","format":"standard","meta":{"sfsi_plus_gutenberg_text_before_share":"","sfsi_plus_gutenberg_show_text_before_share":"","sfsi_plus_gutenberg_icon_type":"","sfsi_plus_gutenberg_icon_alignemt":"","sfsi_plus_gutenburg_max_per_row":"","footnotes":""},"categories":[2],"tags":[],"class_list":["post-162380","post","type-post","status-publish","format-standard","has-post-thumbnail","hentry","category-geral"],"_links":{"self":[{"href":"https:\/\/www.caririemacao.com\/1\/wp-json\/wp\/v2\/posts\/162380","targetHints":{"allow":["GET"]}}],"collection":[{"href":"https:\/\/www.caririemacao.com\/1\/wp-json\/wp\/v2\/posts"}],"about":[{"href":"https:\/\/www.caririemacao.com\/1\/wp-json\/wp\/v2\/types\/post"}],"author":[{"embeddable":true,"href":"https:\/\/www.caririemacao.com\/1\/wp-json\/wp\/v2\/users\/2"}],"replies":[{"embeddable":true,"href":"https:\/\/www.caririemacao.com\/1\/wp-json\/wp\/v2\/comments?post=162380"}],"version-history":[{"count":1,"href":"https:\/\/www.caririemacao.com\/1\/wp-json\/wp\/v2\/posts\/162380\/revisions"}],"predecessor-version":[{"id":162382,"href":"https:\/\/www.caririemacao.com\/1\/wp-json\/wp\/v2\/posts\/162380\/revisions\/162382"}],"wp:featuredmedia":[{"embeddable":true,"href":"https:\/\/www.caririemacao.com\/1\/wp-json\/wp\/v2\/media\/162381"}],"wp:attachment":[{"href":"https:\/\/www.caririemacao.com\/1\/wp-json\/wp\/v2\/media?parent=162380"}],"wp:term":[{"taxonomy":"category","embeddable":true,"href":"https:\/\/www.caririemacao.com\/1\/wp-json\/wp\/v2\/categories?post=162380"},{"taxonomy":"post_tag","embeddable":true,"href":"https:\/\/www.caririemacao.com\/1\/wp-json\/wp\/v2\/tags?post=162380"}],"curies":[{"name":"wp","href":"https:\/\/api.w.org\/{rel}","templated":true}]}}