{"id":162384,"date":"2020-04-06T08:21:47","date_gmt":"2020-04-06T11:21:47","guid":{"rendered":"http:\/\/www.caririemacao.com\/1\/?p=162384"},"modified":"2020-04-06T08:21:49","modified_gmt":"2020-04-06T11:21:49","slug":"justica-do-parana-concede-prisao-domiciliar-a-mais-de-2-mil-presos","status":"publish","type":"post","link":"https:\/\/www.caririemacao.com\/1\/2020\/04\/06\/justica-do-parana-concede-prisao-domiciliar-a-mais-de-2-mil-presos\/","title":{"rendered":"Justi\u00e7a do Paran\u00e1 concede pris\u00e3o domiciliar a mais de 2 mil presos"},"content":{"rendered":"\n<p>A Justi\u00e7a do Paran\u00e1 concedeu o benef\u00edcio da pris\u00e3o domiciliar para cerca de 2,5 mil presos que estavam custodiados em pres\u00eddios e delegacias do estado, por causa da pandemia do&nbsp;<a href=\"https:\/\/www.uol.com.br\/vivabem\/noticias\/redacao\/2020\/01\/25\/tire-suas-principais-duvidas-sobre-o-coronavirus-que-se-espalha-pelo-mundo.htm\">coronav\u00edrus<\/a>.<\/p>\n\n\n\n<p>A informa\u00e7\u00e3o consta em um relat\u00f3rio do Departamento Penitenci\u00e1rio paranaense, divulgado pelo site G1 e cujo conte\u00fado foi confirmado pelo&nbsp;<strong>UOL<\/strong>.<\/p>\n\n\n\n<p>Os ju\u00edzes do estado seguem a recomenda\u00e7\u00e3o do CNJ (Conselho Nacional de Justi\u00e7a) para ado\u00e7\u00e3o de medidas preventivas contra a propaga\u00e7\u00e3o da covid-19, doen\u00e7a provocada pelo novo coronav\u00edrus. As decis\u00f5es foram divulgadas entre os dias 16 de mar\u00e7o e a \u00faltima sexta-feira (3).<\/p>\n\n\n\n<p>O ministro da Justi\u00e7a e Seguran\u00e7a P\u00fablica,&nbsp;<a href=\"https:\/\/noticias.uol.com.br\/politica\/sergio-moro\/\">Sergio Moro<\/a>, afirmou que os \u201cju\u00edzes deveriam manter presos homicidas, membros de quadrilhas, entre outros\u201d<\/p>\n\n\n\n<p>Em resposta a um of\u00edcio enviado pelo ministro do&nbsp;<a href=\"https:\/\/noticias.uol.com.br\/politica\/stf-supremo-tribunal-federal\/\">STF<\/a>&nbsp;(Supremo Tribunal Federal) Ricardo Lewandowski, o TJ-PR (Tribunal de Justi\u00e7a do Paran\u00e1) afirmou que nenhum preso no estado teve diagn\u00f3stico positivo para a covid-19.<\/p>\n\n\n\n<p>De acordo com painel de acompanhamento do Depen (Departamento Penitenci\u00e1rio Nacional), \u00f3rg\u00e3o ligado ao Minist\u00e9rio da Justi\u00e7a e da Seguran\u00e7a P\u00fablica, existem 114 casos suspeitos de cont\u00e1gio no sistema prisional do pa\u00eds. Os n\u00fameros se referem a quatro estados: Minas Gerais (35), Rio Grande do Sul (34), S\u00e3o Paulo (24) e Santa Catarina (21).<\/p>\n\n\n\n<p>Fonte: UOL Not\u00edcias<\/p>\n","protected":false},"excerpt":{"rendered":"<p>A Justi\u00e7a do Paran\u00e1 concedeu o benef\u00edcio da pris\u00e3o domiciliar para cerca de 2,5 mil presos que estavam custodiados em pres\u00eddios e delegacias do estado,&hellip; <\/p>\n","protected":false},"author":2,"featured_media":162385,"comment_status":"closed","ping_status":"closed","sticky":false,"template":"","format":"standard","meta":{"sfsi_plus_gutenberg_text_before_share":"","sfsi_plus_gutenberg_show_text_before_share":"","sfsi_plus_gutenberg_icon_type":"","sfsi_plus_gutenberg_icon_alignemt":"","sfsi_plus_gutenburg_max_per_row":"","footnotes":""},"categories":[2],"tags":[],"class_list":["post-162384","post","type-post","status-publish","format-standard","has-post-thumbnail","hentry","category-geral"],"_links":{"self":[{"href":"https:\/\/www.caririemacao.com\/1\/wp-json\/wp\/v2\/posts\/162384","targetHints":{"allow":["GET"]}}],"collection":[{"href":"https:\/\/www.caririemacao.com\/1\/wp-json\/wp\/v2\/posts"}],"about":[{"href":"https:\/\/www.caririemacao.com\/1\/wp-json\/wp\/v2\/types\/post"}],"author":[{"embeddable":true,"href":"https:\/\/www.caririemacao.com\/1\/wp-json\/wp\/v2\/users\/2"}],"replies":[{"embeddable":true,"href":"https:\/\/www.caririemacao.com\/1\/wp-json\/wp\/v2\/comments?post=162384"}],"version-history":[{"count":1,"href":"https:\/\/www.caririemacao.com\/1\/wp-json\/wp\/v2\/posts\/162384\/revisions"}],"predecessor-version":[{"id":162386,"href":"https:\/\/www.caririemacao.com\/1\/wp-json\/wp\/v2\/posts\/162384\/revisions\/162386"}],"wp:featuredmedia":[{"embeddable":true,"href":"https:\/\/www.caririemacao.com\/1\/wp-json\/wp\/v2\/media\/162385"}],"wp:attachment":[{"href":"https:\/\/www.caririemacao.com\/1\/wp-json\/wp\/v2\/media?parent=162384"}],"wp:term":[{"taxonomy":"category","embeddable":true,"href":"https:\/\/www.caririemacao.com\/1\/wp-json\/wp\/v2\/categories?post=162384"},{"taxonomy":"post_tag","embeddable":true,"href":"https:\/\/www.caririemacao.com\/1\/wp-json\/wp\/v2\/tags?post=162384"}],"curies":[{"name":"wp","href":"https:\/\/api.w.org\/{rel}","templated":true}]}}