{"id":162388,"date":"2020-04-06T08:25:15","date_gmt":"2020-04-06T11:25:15","guid":{"rendered":"http:\/\/www.caririemacao.com\/1\/?p=162388"},"modified":"2020-04-06T08:25:18","modified_gmt":"2020-04-06T11:25:18","slug":"equipamentos-retirados-do-hospital-de-taperoa-nao-estavam-em-uso","status":"publish","type":"post","link":"https:\/\/www.caririemacao.com\/1\/2020\/04\/06\/equipamentos-retirados-do-hospital-de-taperoa-nao-estavam-em-uso\/","title":{"rendered":"Equipamentos retirados do Hospital de Tapero\u00e1 n\u00e3o estavam em uso"},"content":{"rendered":"\n<p>nota encaminhada \u00e0 imprensa neste fim de semana, a Secretaria de Sa\u00fade da Para\u00edba negou que o Estado estivesse retirando leitos que seria utilizados no Hospital de Tapero\u00e1. Segundo a gest\u00e3o, os leitos n\u00e3o estavam sendo utilizados e t\u00e3o logo seja vi\u00e1vel, todos ser\u00e3o devolvidos.<\/p>\n\n\n\n<p>CONFIRA<\/p>\n\n\n\n<p>A Secretaria de Estado da Sa\u00fade (SES) tem realizado todos os esfor\u00e7os necess\u00e1rios e contado com a solidariedade dos paraibanos e paraibanas para garantir o atendimento \u00e0s pessoas diagnosticadas com o coronav\u00edrus. Para se antecipar a uma prov\u00e1vel demanda de interna\u00e7\u00f5es em leitos de Unidade de Terapia Intensiva (UTI) e de enfermarias para os casos da Covid-19, a gest\u00e3o hospitalar do Estado decidiu pela realoca\u00e7\u00e3o tempor\u00e1ria de dez leitos e tr\u00eas ventiladores pulmonares do Hospital de Tapero\u00e1, que n\u00e3o estavam sendo utilizados devido \u00e0 suspens\u00e3o das cirurgias eletivas, conforme recomenda\u00e7\u00e3o do Minist\u00e9rio da Sa\u00fade.<\/p>\n\n\n\n<p>A SES assegura que o atendimento \u00e0 popula\u00e7\u00e3o do munic\u00edpio na referida unidade hospitalar n\u00e3o sofrer\u00e1 nenhum tipo de preju\u00edzo, pois a equipe de profissionais mant\u00e9m o compromisso de prestar um atendimento qualificado a todos os cidad\u00e3os. Al\u00e9m disso, todos os equipamentos emprestados ir\u00e3o retornar ao Hospital de Tapero\u00e1 t\u00e3o logo a epidemia de coronav\u00edrus seja superada no Brasil e na Para\u00edba, como atesta documento assinado pelo secret\u00e1rio de Sa\u00fade, Geraldo Medeiros.<\/p>\n\n\n\n<p>O Governo da Para\u00edba tem trabalhado, de forma incessante, para ampliar o n\u00famero de leitos para casos do novo coronav\u00edrus e adquirir tanto respiradores, quanto Equipamentos de Prote\u00e7\u00e3o Individual (EPI) aos profissionais de Sa\u00fade, que t\u00eam atuado na linha de frente do combate \u00e0 doen\u00e7a. Para tanto, o Hospital Solid\u00e1rio j\u00e1 est\u00e1 sendo montado no estacionamento do Hospital Metropolitano, em Santa Rita, e novos leitos est\u00e3o sendo equipados para suprir a poss\u00edvel demanda, tanto na Capital paraibana, quanto em Campina Grande, onde ser\u00e3o realizados os atendimentos de alta complexidade.<\/p>\n\n\n\n<p>A SES tamb\u00e9m informa que o Plano de Conting\u00eancia Estadual da Para\u00edba, que tem como objetivo evitar casos graves e \u00f3bitos, j\u00e1 est\u00e1 em andamento, bem como a Central Estadual de Regula\u00e7\u00e3o de Leitos para Covid-19, para garantir o fluxo de transfer\u00eancia de pacientes para os Hospitais de Refer\u00eancia, que est\u00e3o distribu\u00eddos por macrorregi\u00e3o de sa\u00fade, sendo o Hospital Clementino Fraga, Santa Izabel e Hospital Municipal do Valentina na primeira Macro, em Jo\u00e3o Pessoa, que concentrar\u00e3o essas interna\u00e7\u00f5es. Na segunda Macrorregi\u00e3o, o Hospital Pedro I e o Hospital de Emerg\u00eancia e Trauma Dom Lu\u00eds Gonzaga Fernandes, em Campina Grande; e no Sert\u00e3o e Alto Sert\u00e3o, os hospitais Regionais de Cajazeiras, Pombal, Regional de Patos e o Infantil Noaldo Leite, tamb\u00e9m em Patos, garantindo, dessa forma, atendimento e, caso necess\u00e1rio, o deslocamento seguro dos pacientes.<\/p>\n\n\n\n<p>A Secretaria de Estado da Sa\u00fade ainda disponibiliza quatro n\u00fameros para plant\u00e3o de d\u00favidas da Vigil\u00e2ncia em Sa\u00fade e Hospital Clementino Fraga, cujo atendimento \u00e9 realizado por especialista da \u00e1rea (99146-9790; 99146-9250; 99147-0810 e 98823-6186).<\/p>\n\n\n\n<p>A SES pede a compreens\u00e3o e a solidariedade de todos na busca pela disponibiliza\u00e7\u00e3o da melhor assist\u00eancia especializada aos paraibanos de todas as regi\u00f5es do Estado.<\/p>\n\n\n\n<p>Blog do Bruno Lira<\/p>\n","protected":false},"excerpt":{"rendered":"<p>nota encaminhada \u00e0 imprensa neste fim de semana, a Secretaria de Sa\u00fade da Para\u00edba negou que o Estado estivesse retirando leitos que seria utilizados no&hellip; <\/p>\n","protected":false},"author":2,"featured_media":162389,"comment_status":"closed","ping_status":"closed","sticky":false,"template":"","format":"standard","meta":{"sfsi_plus_gutenberg_text_before_share":"","sfsi_plus_gutenberg_show_text_before_share":"","sfsi_plus_gutenberg_icon_type":"","sfsi_plus_gutenberg_icon_alignemt":"","sfsi_plus_gutenburg_max_per_row":"","footnotes":""},"categories":[2],"tags":[],"class_list":["post-162388","post","type-post","status-publish","format-standard","has-post-thumbnail","hentry","category-geral"],"_links":{"self":[{"href":"https:\/\/www.caririemacao.com\/1\/wp-json\/wp\/v2\/posts\/162388","targetHints":{"allow":["GET"]}}],"collection":[{"href":"https:\/\/www.caririemacao.com\/1\/wp-json\/wp\/v2\/posts"}],"about":[{"href":"https:\/\/www.caririemacao.com\/1\/wp-json\/wp\/v2\/types\/post"}],"author":[{"embeddable":true,"href":"https:\/\/www.caririemacao.com\/1\/wp-json\/wp\/v2\/users\/2"}],"replies":[{"embeddable":true,"href":"https:\/\/www.caririemacao.com\/1\/wp-json\/wp\/v2\/comments?post=162388"}],"version-history":[{"count":1,"href":"https:\/\/www.caririemacao.com\/1\/wp-json\/wp\/v2\/posts\/162388\/revisions"}],"predecessor-version":[{"id":162390,"href":"https:\/\/www.caririemacao.com\/1\/wp-json\/wp\/v2\/posts\/162388\/revisions\/162390"}],"wp:featuredmedia":[{"embeddable":true,"href":"https:\/\/www.caririemacao.com\/1\/wp-json\/wp\/v2\/media\/162389"}],"wp:attachment":[{"href":"https:\/\/www.caririemacao.com\/1\/wp-json\/wp\/v2\/media?parent=162388"}],"wp:term":[{"taxonomy":"category","embeddable":true,"href":"https:\/\/www.caririemacao.com\/1\/wp-json\/wp\/v2\/categories?post=162388"},{"taxonomy":"post_tag","embeddable":true,"href":"https:\/\/www.caririemacao.com\/1\/wp-json\/wp\/v2\/tags?post=162388"}],"curies":[{"name":"wp","href":"https:\/\/api.w.org\/{rel}","templated":true}]}}