{"id":162391,"date":"2020-04-06T08:38:15","date_gmt":"2020-04-06T11:38:15","guid":{"rendered":"http:\/\/www.caririemacao.com\/1\/?p=162391"},"modified":"2020-04-06T08:38:17","modified_gmt":"2020-04-06T11:38:17","slug":"homem-e-morto-a-tiros-em-via-publica-na-cidade-de-desterro","status":"publish","type":"post","link":"https:\/\/www.caririemacao.com\/1\/2020\/04\/06\/homem-e-morto-a-tiros-em-via-publica-na-cidade-de-desterro\/","title":{"rendered":"Homem \u00e9 morto a tiros em via p\u00fablica na cidade de Desterro"},"content":{"rendered":"\n<p> Um homem foi morto a tiros na manh\u00e3 deste domingo (5), no munic\u00edpio de Desterro, no Sert\u00e3o da Para\u00edba.<\/p>\n\n\n\n<p>A v\u00edtima foi identificada como Jos\u00e9 Rilton da Silva Benedito, de 29 anos. Ele foi alvejado com v\u00e1rios tiros em via p\u00fablica.<\/p>\n\n\n\n<p>De acordo com as informa\u00e7\u00f5es, o caso ocorreu em frente a resid\u00eancia de um ex-prefeito do munic\u00edpio.<\/p>\n\n\n\n<p>A v\u00edtima j\u00e1 tinha passagem pela pol\u00edcia.&nbsp;N\u00e3o h\u00e1 informa\u00e7\u00f5es sobre os suspeitos ou motivo do crime.&nbsp;At\u00e9 o momento, ningu\u00e9m foi preso.<\/p>\n","protected":false},"excerpt":{"rendered":"<p>Um homem foi morto a tiros na manh\u00e3 deste domingo (5), no munic\u00edpio de Desterro, no Sert\u00e3o da Para\u00edba. A v\u00edtima foi identificada como Jos\u00e9&hellip; <\/p>\n","protected":false},"author":2,"featured_media":162392,"comment_status":"closed","ping_status":"closed","sticky":false,"template":"","format":"standard","meta":{"sfsi_plus_gutenberg_text_before_share":"","sfsi_plus_gutenberg_show_text_before_share":"","sfsi_plus_gutenberg_icon_type":"","sfsi_plus_gutenberg_icon_alignemt":"","sfsi_plus_gutenburg_max_per_row":"","footnotes":""},"categories":[12],"tags":[],"class_list":["post-162391","post","type-post","status-publish","format-standard","has-post-thumbnail","hentry","category-policia"],"_links":{"self":[{"href":"https:\/\/www.caririemacao.com\/1\/wp-json\/wp\/v2\/posts\/162391","targetHints":{"allow":["GET"]}}],"collection":[{"href":"https:\/\/www.caririemacao.com\/1\/wp-json\/wp\/v2\/posts"}],"about":[{"href":"https:\/\/www.caririemacao.com\/1\/wp-json\/wp\/v2\/types\/post"}],"author":[{"embeddable":true,"href":"https:\/\/www.caririemacao.com\/1\/wp-json\/wp\/v2\/users\/2"}],"replies":[{"embeddable":true,"href":"https:\/\/www.caririemacao.com\/1\/wp-json\/wp\/v2\/comments?post=162391"}],"version-history":[{"count":1,"href":"https:\/\/www.caririemacao.com\/1\/wp-json\/wp\/v2\/posts\/162391\/revisions"}],"predecessor-version":[{"id":162393,"href":"https:\/\/www.caririemacao.com\/1\/wp-json\/wp\/v2\/posts\/162391\/revisions\/162393"}],"wp:featuredmedia":[{"embeddable":true,"href":"https:\/\/www.caririemacao.com\/1\/wp-json\/wp\/v2\/media\/162392"}],"wp:attachment":[{"href":"https:\/\/www.caririemacao.com\/1\/wp-json\/wp\/v2\/media?parent=162391"}],"wp:term":[{"taxonomy":"category","embeddable":true,"href":"https:\/\/www.caririemacao.com\/1\/wp-json\/wp\/v2\/categories?post=162391"},{"taxonomy":"post_tag","embeddable":true,"href":"https:\/\/www.caririemacao.com\/1\/wp-json\/wp\/v2\/tags?post=162391"}],"curies":[{"name":"wp","href":"https:\/\/api.w.org\/{rel}","templated":true}]}}