{"id":162396,"date":"2020-04-06T08:42:14","date_gmt":"2020-04-06T11:42:14","guid":{"rendered":"http:\/\/www.caririemacao.com\/1\/?p=162396"},"modified":"2020-04-06T08:42:16","modified_gmt":"2020-04-06T11:42:16","slug":"micros-e-pequenos-empreendedores-terao-r-8-milhoes-em-novos-creditos-concedidos-pelo-governo-da-paraiba","status":"publish","type":"post","link":"https:\/\/www.caririemacao.com\/1\/2020\/04\/06\/micros-e-pequenos-empreendedores-terao-r-8-milhoes-em-novos-creditos-concedidos-pelo-governo-da-paraiba\/","title":{"rendered":"Micros e pequenos empreendedores ter\u00e3o R$ 8 milh\u00f5es em novos cr\u00e9ditos concedidos pelo Governo da Para\u00edba"},"content":{"rendered":"\n<p>O Governo do Estado, por meio do Programa Empreender-PB, vai conceder um aporte de R$ 8 milh\u00f5es em cr\u00e9ditos \u2013 entre assinaturas de contratos e novos cr\u00e9ditos, a fim de ajudar os microempreendedores que enfrentam dificuldades pela falta de gera\u00e7\u00e3o de renda devido ao isolamento social provocado pela pandemia do coronav\u00edrus. A medida foi anunciada pelo governador Jo\u00e3o Azev\u00eado, nesta quinta-feira (2), em meio a uma s\u00e9rie de outras econ\u00f4micas e sociais para aliviar o impacto promovido pela pandemia.<\/p>\n\n\n\n<p>Outra medida que beneficiar\u00e1 os pequenos e microempreendedores \u00e9 a suspens\u00e3o das cobran\u00e7as dos financiamentos contra\u00eddos junto ao Programa Empreender PB por um per\u00edodo de 90 dias. E para aqueles que est\u00e3o adimplentes ser\u00e3o suspensos os juros e multas referentes \u00e0s parcelas dos meses de abril, maio e junho.<\/p>\n\n\n\n<p>O Empreender-PB vai priorizar neste momento a continuidade dos atendimentos para as pessoas que j\u00e1 possuem inscri\u00e7\u00e3o no Programa. As assinaturas de contratos ser\u00e3o feitas em domic\u00edlio e na pr\u00f3xima semana a equipe do programa come\u00e7ar\u00e1 a entrar em contato com os envolvidos. Em breve, ser\u00e3o abertas inscri\u00e7\u00f5es para novas oportunidades.<\/p>\n\n\n\n<p>De acordo com o secret\u00e1rio executivo de empreendedorismo, Fabr\u00edcio Feitosa, essas medidas ir\u00e3o impactar positivamente na vida de muitos empreendedores paraibanos. \u201cA nossa inten\u00e7\u00e3o \u00e9 ajudar os microempreendedores da Para\u00edba nesse momento de dificuldade quando muitos precisaram paralisar suas atividades. O cr\u00e9dito do Programa vem tamb\u00e9m como mais uma medida de aux\u00edlio do Governo do Estado para fortalecer a nossa economia. Esperamos com essa libera\u00e7\u00e3o de recursos mais de R$ 8 milh\u00f5es empregados e se considerarmos tamb\u00e9m a isen\u00e7\u00e3o do pagamento das parcelas, mais de R$ 2 milh\u00f5es para os pr\u00f3ximos tr\u00eas meses. Essa \u00e9 a forma como o Empreender PB procura ajudar os pequenos empreendedores e para que a Para\u00edba continue sendo um estado forte mesmo ap\u00f3s essas dificuldades\u201d, ressaltou.<\/p>\n\n\n\n<p>Mais informa\u00e7\u00f5es podem ser obtidas pelo e-mail contato@empreender.pb.gov.br ou por meio das redes sociais do Programa @empreenderpb<\/p>\n","protected":false},"excerpt":{"rendered":"<p>O Governo do Estado, por meio do Programa Empreender-PB, vai conceder um aporte de R$ 8 milh\u00f5es em cr\u00e9ditos \u2013 entre assinaturas de contratos e&hellip; <\/p>\n","protected":false},"author":2,"featured_media":162397,"comment_status":"closed","ping_status":"closed","sticky":false,"template":"","format":"standard","meta":{"sfsi_plus_gutenberg_text_before_share":"","sfsi_plus_gutenberg_show_text_before_share":"","sfsi_plus_gutenberg_icon_type":"","sfsi_plus_gutenberg_icon_alignemt":"","sfsi_plus_gutenburg_max_per_row":"","footnotes":""},"categories":[2],"tags":[],"class_list":["post-162396","post","type-post","status-publish","format-standard","has-post-thumbnail","hentry","category-geral"],"_links":{"self":[{"href":"https:\/\/www.caririemacao.com\/1\/wp-json\/wp\/v2\/posts\/162396","targetHints":{"allow":["GET"]}}],"collection":[{"href":"https:\/\/www.caririemacao.com\/1\/wp-json\/wp\/v2\/posts"}],"about":[{"href":"https:\/\/www.caririemacao.com\/1\/wp-json\/wp\/v2\/types\/post"}],"author":[{"embeddable":true,"href":"https:\/\/www.caririemacao.com\/1\/wp-json\/wp\/v2\/users\/2"}],"replies":[{"embeddable":true,"href":"https:\/\/www.caririemacao.com\/1\/wp-json\/wp\/v2\/comments?post=162396"}],"version-history":[{"count":1,"href":"https:\/\/www.caririemacao.com\/1\/wp-json\/wp\/v2\/posts\/162396\/revisions"}],"predecessor-version":[{"id":162398,"href":"https:\/\/www.caririemacao.com\/1\/wp-json\/wp\/v2\/posts\/162396\/revisions\/162398"}],"wp:featuredmedia":[{"embeddable":true,"href":"https:\/\/www.caririemacao.com\/1\/wp-json\/wp\/v2\/media\/162397"}],"wp:attachment":[{"href":"https:\/\/www.caririemacao.com\/1\/wp-json\/wp\/v2\/media?parent=162396"}],"wp:term":[{"taxonomy":"category","embeddable":true,"href":"https:\/\/www.caririemacao.com\/1\/wp-json\/wp\/v2\/categories?post=162396"},{"taxonomy":"post_tag","embeddable":true,"href":"https:\/\/www.caririemacao.com\/1\/wp-json\/wp\/v2\/tags?post=162396"}],"curies":[{"name":"wp","href":"https:\/\/api.w.org\/{rel}","templated":true}]}}