{"id":162400,"date":"2020-04-06T08:43:37","date_gmt":"2020-04-06T11:43:37","guid":{"rendered":"http:\/\/www.caririemacao.com\/1\/?p=162400"},"modified":"2020-04-06T08:43:39","modified_gmt":"2020-04-06T11:43:39","slug":"uepb-ufcg-ifpb-e-faculdades-particulares-de-campina-grande-prorrogam-suspensao-das-aulas","status":"publish","type":"post","link":"https:\/\/www.caririemacao.com\/1\/2020\/04\/06\/uepb-ufcg-ifpb-e-faculdades-particulares-de-campina-grande-prorrogam-suspensao-das-aulas\/","title":{"rendered":"UEPB, UFCG, IFPB e faculdades particulares de Campina Grande prorrogam suspens\u00e3o das aulas"},"content":{"rendered":"\n<p>As universidades, faculdades e institui\u00e7\u00f5es de ensino t\u00e9cnico e superior, p\u00fablico e privado, de Campina Grande, decidiram prorrogar a suspens\u00e3o das aulas como preven\u00e7\u00e3o ao cont\u00e1gio do novo coronav\u00edrus. A ades\u00e3o das institui\u00e7\u00f5es ocorreu ap\u00f3s reuni\u00e3o dos gestores por videoconfer\u00eancia na manh\u00e3 desta sexta-feira (3).<\/p>\n\n\n\n<p>Participaram da reuni\u00e3o virtual os gestores da UEPB, UFCG, IFPB, Unesc, Unifacisa, Uninassau, Cesrei, Faculdade Rebou\u00e7as.<\/p>\n\n\n\n<p>Com a decis\u00e3o, a suspens\u00e3o das aulas, originalmente fixada at\u00e9 12 de abril, fica adiada at\u00e9 27 do mesmo m\u00eas.<\/p>\n\n\n\n<p>Em 17 de abril, os gestores devem se reunir novamente para deliberar e avaliar o cen\u00e1rio.<\/p>\n\n\n\n<p>Click PB<\/p>\n","protected":false},"excerpt":{"rendered":"<p>As universidades, faculdades e institui\u00e7\u00f5es de ensino t\u00e9cnico e superior, p\u00fablico e privado, de Campina Grande, decidiram prorrogar a suspens\u00e3o das aulas como preven\u00e7\u00e3o ao&hellip; <\/p>\n","protected":false},"author":2,"featured_media":162401,"comment_status":"closed","ping_status":"closed","sticky":false,"template":"","format":"standard","meta":{"sfsi_plus_gutenberg_text_before_share":"","sfsi_plus_gutenberg_show_text_before_share":"","sfsi_plus_gutenberg_icon_type":"","sfsi_plus_gutenberg_icon_alignemt":"","sfsi_plus_gutenburg_max_per_row":"","footnotes":""},"categories":[2],"tags":[],"class_list":["post-162400","post","type-post","status-publish","format-standard","has-post-thumbnail","hentry","category-geral"],"_links":{"self":[{"href":"https:\/\/www.caririemacao.com\/1\/wp-json\/wp\/v2\/posts\/162400","targetHints":{"allow":["GET"]}}],"collection":[{"href":"https:\/\/www.caririemacao.com\/1\/wp-json\/wp\/v2\/posts"}],"about":[{"href":"https:\/\/www.caririemacao.com\/1\/wp-json\/wp\/v2\/types\/post"}],"author":[{"embeddable":true,"href":"https:\/\/www.caririemacao.com\/1\/wp-json\/wp\/v2\/users\/2"}],"replies":[{"embeddable":true,"href":"https:\/\/www.caririemacao.com\/1\/wp-json\/wp\/v2\/comments?post=162400"}],"version-history":[{"count":1,"href":"https:\/\/www.caririemacao.com\/1\/wp-json\/wp\/v2\/posts\/162400\/revisions"}],"predecessor-version":[{"id":162402,"href":"https:\/\/www.caririemacao.com\/1\/wp-json\/wp\/v2\/posts\/162400\/revisions\/162402"}],"wp:featuredmedia":[{"embeddable":true,"href":"https:\/\/www.caririemacao.com\/1\/wp-json\/wp\/v2\/media\/162401"}],"wp:attachment":[{"href":"https:\/\/www.caririemacao.com\/1\/wp-json\/wp\/v2\/media?parent=162400"}],"wp:term":[{"taxonomy":"category","embeddable":true,"href":"https:\/\/www.caririemacao.com\/1\/wp-json\/wp\/v2\/categories?post=162400"},{"taxonomy":"post_tag","embeddable":true,"href":"https:\/\/www.caririemacao.com\/1\/wp-json\/wp\/v2\/tags?post=162400"}],"curies":[{"name":"wp","href":"https:\/\/api.w.org\/{rel}","templated":true}]}}