{"id":162403,"date":"2020-04-06T08:45:24","date_gmt":"2020-04-06T11:45:24","guid":{"rendered":"http:\/\/www.caririemacao.com\/1\/?p=162403"},"modified":"2020-04-06T08:45:26","modified_gmt":"2020-04-06T11:45:26","slug":"cicero-roberto-se-filia-ao-psdb-e-reafirma-pre-candidatura-a-vereador-2","status":"publish","type":"post","link":"https:\/\/www.caririemacao.com\/1\/2020\/04\/06\/cicero-roberto-se-filia-ao-psdb-e-reafirma-pre-candidatura-a-vereador-2\/","title":{"rendered":"C\u00edcero Roberto se filia ao PSDB e reafirma pr\u00e9-candidatura \u00e0 vereador"},"content":{"rendered":"\n<p>O diretor do CEC EDUCACIONAL, empres\u00e1rio, professor e ex vereador C\u00edcero Roberto confirmou ao BLOG DO F\u00c1BIO BRITO sua filia\u00e7\u00e3o ao PSDB do munic\u00edpio de Monteiro.<br>Junto com a confirma\u00e7\u00e3o, C\u00edcero reafirmou sua pr\u00e9-candidatura \u00e0 vereador cargo que j\u00e1 ocupou por uma legislatura, no per\u00edodo de 2005 \u00e0 2008 de forma destacada.<br>O ex vereador C\u00edcero tem vasta experi\u00eancia na vida p\u00fablica, tendo exercido diferentes cargos em importantes autarquias municipais, estaduais e particulares inclusive em mandatos de diferentes gestores, o que apenas reafirma a sua capacidade quando o assunto \u00e9 gest\u00e3o.<br>C\u00edcero Roberto j\u00e1 foi Gerente Regional de Sa\u00fade do Cariri, Secret\u00e1rio municipal titular e Secret\u00e1rio executivo em diferentes pastas na prefeitura, gestor de programas sociais, \u00e9 professor concursado da rede municipal, al\u00e9m de ser professor universit\u00e1rio e de dar aulas em importantes institui\u00e7\u00f5es como por exemplo no Curso de Forma\u00e7\u00e3o de Policiais Militares do Cariri, entre outros.<br><strong>F\u00c1BIO BRITO<\/strong><\/p>\n","protected":false},"excerpt":{"rendered":"<p>O diretor do CEC EDUCACIONAL, empres\u00e1rio, professor e ex vereador C\u00edcero Roberto confirmou ao BLOG DO F\u00c1BIO BRITO sua filia\u00e7\u00e3o ao PSDB do munic\u00edpio de&hellip; <\/p>\n","protected":false},"author":2,"featured_media":162404,"comment_status":"closed","ping_status":"closed","sticky":false,"template":"","format":"standard","meta":{"sfsi_plus_gutenberg_text_before_share":"","sfsi_plus_gutenberg_show_text_before_share":"","sfsi_plus_gutenberg_icon_type":"","sfsi_plus_gutenberg_icon_alignemt":"","sfsi_plus_gutenburg_max_per_row":"","footnotes":""},"categories":[2],"tags":[],"class_list":["post-162403","post","type-post","status-publish","format-standard","has-post-thumbnail","hentry","category-geral"],"_links":{"self":[{"href":"https:\/\/www.caririemacao.com\/1\/wp-json\/wp\/v2\/posts\/162403","targetHints":{"allow":["GET"]}}],"collection":[{"href":"https:\/\/www.caririemacao.com\/1\/wp-json\/wp\/v2\/posts"}],"about":[{"href":"https:\/\/www.caririemacao.com\/1\/wp-json\/wp\/v2\/types\/post"}],"author":[{"embeddable":true,"href":"https:\/\/www.caririemacao.com\/1\/wp-json\/wp\/v2\/users\/2"}],"replies":[{"embeddable":true,"href":"https:\/\/www.caririemacao.com\/1\/wp-json\/wp\/v2\/comments?post=162403"}],"version-history":[{"count":1,"href":"https:\/\/www.caririemacao.com\/1\/wp-json\/wp\/v2\/posts\/162403\/revisions"}],"predecessor-version":[{"id":162405,"href":"https:\/\/www.caririemacao.com\/1\/wp-json\/wp\/v2\/posts\/162403\/revisions\/162405"}],"wp:featuredmedia":[{"embeddable":true,"href":"https:\/\/www.caririemacao.com\/1\/wp-json\/wp\/v2\/media\/162404"}],"wp:attachment":[{"href":"https:\/\/www.caririemacao.com\/1\/wp-json\/wp\/v2\/media?parent=162403"}],"wp:term":[{"taxonomy":"category","embeddable":true,"href":"https:\/\/www.caririemacao.com\/1\/wp-json\/wp\/v2\/categories?post=162403"},{"taxonomy":"post_tag","embeddable":true,"href":"https:\/\/www.caririemacao.com\/1\/wp-json\/wp\/v2\/tags?post=162403"}],"curies":[{"name":"wp","href":"https:\/\/api.w.org\/{rel}","templated":true}]}}