{"id":162407,"date":"2020-04-06T08:50:05","date_gmt":"2020-04-06T11:50:05","guid":{"rendered":"http:\/\/www.caririemacao.com\/1\/?p=162407"},"modified":"2020-04-06T08:50:08","modified_gmt":"2020-04-06T11:50:08","slug":"na-prata-04-vereadores-se-filiam-ao-pl-sigla-tera-10-pre-candidatos-na-proporcional","status":"publish","type":"post","link":"https:\/\/www.caririemacao.com\/1\/2020\/04\/06\/na-prata-04-vereadores-se-filiam-ao-pl-sigla-tera-10-pre-candidatos-na-proporcional\/","title":{"rendered":"Na Prata, 04 vereadores se filiam ao PL. Sigla ter\u00e1 10 pr\u00e9 candidatos na proporcional"},"content":{"rendered":"\n<p>O PL comandado na Para\u00edba pelo deputado federal Wellington Roberto, anunciou dez(10) pr\u00e9 candidatos a vereador para concorrer as elei\u00e7\u00f5es deste ano na cidade da Prata.<br>Ao todo ser\u00e3o 04 nomes em busca da reelei\u00e7\u00e3o e 06 outros buscando uma vaga pela primeira vez na C\u00e2mara Municipal, Casa Jesu de Queiroz Galv\u00e3o.<br>O Convite para que todos os candidatos a vereador ingressassem no PL, partiu do prefeito J\u00fanior N\u00f3brega, e tamb\u00e9m do deputado federal Wellington Roberto, que comanda o partido na Para\u00edba.<br>Os pr\u00e9 candidatos que tentam a reelei\u00e7\u00e3o s\u00e3o: Pedro Estev\u00e3o Neto, Ver\u00f4nica Freitas, Bosco Neri e Sidenir.<br>Os pr\u00e9 candidatos novatos que buscar\u00e3o uma vaga pela primeira vez ser\u00e3o:&nbsp;&nbsp;M\u00e1rio de Zeca, Wagner Barros, Cesar Augusto(Cesar de Painha de Josa Monteiro), Danda do Balan\u00e7o, Nena de Gen\u00e9sia e Tina de Manoel \u00c2ngelo.<br>Esses dez(10) pr\u00e9 candidatos a vereador somar\u00e3o for\u00e7a com o ex Secret\u00e1rio de Agricultura e pr\u00e9 candidato a prefeito Genivaldo Temb\u00f3rio que se filiou ao Cidadania, legenda comandada pelo atual Governador Jo\u00e3o Azevedo e o vereador Presidente da C\u00e2mara Municipal, Ant\u00f4nio Carlos do Nascimento(Toinho de Beb\u00e9) que \u00e9 pr\u00e9 candidato a vice prefeito&nbsp;&nbsp;que continuou no PDT, legenda comandada na Para\u00edba pela ent\u00e3o vice governadora L\u00edgia Feliciano e seu esposo o deputado federal Dami\u00e3o Feliciano.<strong><br><\/strong><strong>COM BLOG DO POETA TEIXEIRINHA<\/strong><\/p>\n","protected":false},"excerpt":{"rendered":"<p>O PL comandado na Para\u00edba pelo deputado federal Wellington Roberto, anunciou dez(10) pr\u00e9 candidatos a vereador para concorrer as elei\u00e7\u00f5es deste ano na cidade da&hellip; <\/p>\n","protected":false},"author":2,"featured_media":162409,"comment_status":"closed","ping_status":"closed","sticky":false,"template":"","format":"standard","meta":{"sfsi_plus_gutenberg_text_before_share":"","sfsi_plus_gutenberg_show_text_before_share":"","sfsi_plus_gutenberg_icon_type":"","sfsi_plus_gutenberg_icon_alignemt":"","sfsi_plus_gutenburg_max_per_row":"","footnotes":""},"categories":[2],"tags":[],"class_list":["post-162407","post","type-post","status-publish","format-standard","has-post-thumbnail","hentry","category-geral"],"_links":{"self":[{"href":"https:\/\/www.caririemacao.com\/1\/wp-json\/wp\/v2\/posts\/162407","targetHints":{"allow":["GET"]}}],"collection":[{"href":"https:\/\/www.caririemacao.com\/1\/wp-json\/wp\/v2\/posts"}],"about":[{"href":"https:\/\/www.caririemacao.com\/1\/wp-json\/wp\/v2\/types\/post"}],"author":[{"embeddable":true,"href":"https:\/\/www.caririemacao.com\/1\/wp-json\/wp\/v2\/users\/2"}],"replies":[{"embeddable":true,"href":"https:\/\/www.caririemacao.com\/1\/wp-json\/wp\/v2\/comments?post=162407"}],"version-history":[{"count":1,"href":"https:\/\/www.caririemacao.com\/1\/wp-json\/wp\/v2\/posts\/162407\/revisions"}],"predecessor-version":[{"id":162410,"href":"https:\/\/www.caririemacao.com\/1\/wp-json\/wp\/v2\/posts\/162407\/revisions\/162410"}],"wp:featuredmedia":[{"embeddable":true,"href":"https:\/\/www.caririemacao.com\/1\/wp-json\/wp\/v2\/media\/162409"}],"wp:attachment":[{"href":"https:\/\/www.caririemacao.com\/1\/wp-json\/wp\/v2\/media?parent=162407"}],"wp:term":[{"taxonomy":"category","embeddable":true,"href":"https:\/\/www.caririemacao.com\/1\/wp-json\/wp\/v2\/categories?post=162407"},{"taxonomy":"post_tag","embeddable":true,"href":"https:\/\/www.caririemacao.com\/1\/wp-json\/wp\/v2\/tags?post=162407"}],"curies":[{"name":"wp","href":"https:\/\/api.w.org\/{rel}","templated":true}]}}