{"id":162408,"date":"2020-04-06T09:13:52","date_gmt":"2020-04-06T12:13:52","guid":{"rendered":"http:\/\/www.caririemacao.com\/1\/?p=162408"},"modified":"2020-04-06T09:13:54","modified_gmt":"2020-04-06T12:13:54","slug":"em-recife-gestante-morre-por-covid-19-bebe-segue-na-uti","status":"publish","type":"post","link":"https:\/\/www.caririemacao.com\/1\/2020\/04\/06\/em-recife-gestante-morre-por-covid-19-bebe-segue-na-uti\/","title":{"rendered":"Em Recife: Gestante morre por Covid-19; beb\u00ea segue na UTI"},"content":{"rendered":"\n<p>A fisioterapeuta Viviane Albuquerque, gestante de 31 semanas, morreu na noite do \u00faltimo domingo (5), v\u00edtima de Covid-19. Este \u00e9 o primeiro \u00f3bito de gestante com S\u00edndrome Respirat\u00f3ria Aguda Grave (SRAG) causada pelo novo coronav\u00edrus em Pernambuco. O beb\u00ea foi retirado em procedimento cesariano tamb\u00e9m no domingo e est\u00e1 internado na UTI de um hospital particular do Recife, em estado grave.<\/p>\n\n\n\n<p>Os \u00faltimos n\u00fameros oficiais apresentados pelo estado apresentaram 201 casos confirmados da doen\u00e7a, com 21 mortes. No domingo, tamb\u00e9m no Recife, duas t\u00e9cnicas de enfermagem que trabalhavam no Hospital Get\u00falio Vargas (HGV) morreram &#8211; uma delas por causa da Covid-19. A segunda servidora tem a causa da morte ainda investigada.<\/p>\n\n\n\n<p>Com rela\u00e7\u00e3o a Viviane Albuquerque, a gestante estava internada com quadro de tosse e febre desde o in\u00edcio da semana. Na \u00faltima segunda-feira, ela fez o teste para coronav\u00edrus e, na quinta, recebeu o resultado positivo do exame, quando foi levada para UTI. Devido \u00e0 gravidade do caso, os m\u00e9dicos decidiram fazer a ces\u00e1rea e retirar o beb\u00ea na madrugada do s\u00e1bado.<\/p>\n\n\n\n<p>Segundo apurou a reportagem da Folha de Pernambuco, o beb\u00ea nasceu com 2 kg, e \u00e9 um menino. Ele chegou a ter uma parada card\u00edaca, mas segue na UTI. Viviane deixa outras duas filhas, g\u00eameas, de cinco anos.\u00a0<\/p>\n\n\n\n<p>Folha de Pernambuco<\/p>\n","protected":false},"excerpt":{"rendered":"<p>A fisioterapeuta Viviane Albuquerque, gestante de 31 semanas, morreu na noite do \u00faltimo domingo (5), v\u00edtima de Covid-19. Este \u00e9 o primeiro \u00f3bito de gestante&hellip; <\/p>\n","protected":false},"author":1,"featured_media":162424,"comment_status":"closed","ping_status":"closed","sticky":false,"template":"","format":"standard","meta":{"sfsi_plus_gutenberg_text_before_share":"","sfsi_plus_gutenberg_show_text_before_share":"","sfsi_plus_gutenberg_icon_type":"","sfsi_plus_gutenberg_icon_alignemt":"","sfsi_plus_gutenburg_max_per_row":"","footnotes":""},"categories":[1],"tags":[],"class_list":["post-162408","post","type-post","status-publish","format-standard","has-post-thumbnail","hentry","category-o-site"],"_links":{"self":[{"href":"https:\/\/www.caririemacao.com\/1\/wp-json\/wp\/v2\/posts\/162408","targetHints":{"allow":["GET"]}}],"collection":[{"href":"https:\/\/www.caririemacao.com\/1\/wp-json\/wp\/v2\/posts"}],"about":[{"href":"https:\/\/www.caririemacao.com\/1\/wp-json\/wp\/v2\/types\/post"}],"author":[{"embeddable":true,"href":"https:\/\/www.caririemacao.com\/1\/wp-json\/wp\/v2\/users\/1"}],"replies":[{"embeddable":true,"href":"https:\/\/www.caririemacao.com\/1\/wp-json\/wp\/v2\/comments?post=162408"}],"version-history":[{"count":1,"href":"https:\/\/www.caririemacao.com\/1\/wp-json\/wp\/v2\/posts\/162408\/revisions"}],"predecessor-version":[{"id":162425,"href":"https:\/\/www.caririemacao.com\/1\/wp-json\/wp\/v2\/posts\/162408\/revisions\/162425"}],"wp:featuredmedia":[{"embeddable":true,"href":"https:\/\/www.caririemacao.com\/1\/wp-json\/wp\/v2\/media\/162424"}],"wp:attachment":[{"href":"https:\/\/www.caririemacao.com\/1\/wp-json\/wp\/v2\/media?parent=162408"}],"wp:term":[{"taxonomy":"category","embeddable":true,"href":"https:\/\/www.caririemacao.com\/1\/wp-json\/wp\/v2\/categories?post=162408"},{"taxonomy":"post_tag","embeddable":true,"href":"https:\/\/www.caririemacao.com\/1\/wp-json\/wp\/v2\/tags?post=162408"}],"curies":[{"name":"wp","href":"https:\/\/api.w.org\/{rel}","templated":true}]}}