{"id":162426,"date":"2020-04-06T09:58:44","date_gmt":"2020-04-06T12:58:44","guid":{"rendered":"http:\/\/www.caririemacao.com\/1\/?p=162426"},"modified":"2020-04-06T09:58:45","modified_gmt":"2020-04-06T12:58:45","slug":"prefeitura-de-monteiro-emite-nota-de-pesar-em-solidariedade-ao-vereador-biao-nunes","status":"publish","type":"post","link":"https:\/\/www.caririemacao.com\/1\/2020\/04\/06\/prefeitura-de-monteiro-emite-nota-de-pesar-em-solidariedade-ao-vereador-biao-nunes\/","title":{"rendered":"Prefeitura de Monteiro emite nota de pesar, em solidariedade ao vereador Bi\u00e3o Nunes"},"content":{"rendered":"\n<p>Em nome da Prefeitura Municipal de Monteiro, a prefeita Anna Lorena, e o vice-prefeito Celecileno Alves, se solidarizam com o vereador, l\u00edder do governo, Bi\u00e3o Nunes e sua fam\u00edlia pela perda da senhora Quit\u00e9ria Nunes da Silva.<\/p>\n\n\n\n<p>&#8220;Neste momento de dor pela perda de Dona Quit\u00e9ria, nos solidarizamos com seus familiares ratificando nosso voto de pesar e tristeza&#8221;, diz a nota.<br><br>NOTA DE PESAR<\/p>\n\n\n\n<p>\u00c9 com profundo pesar que recebemos, no in\u00edcio da noite deste Domingo, 05, a not\u00edcia do falecimento da senhora Quit\u00e9ria Nunes da Silva popularmente conhecida por Dona Quit\u00e9ria, m\u00e3e do nosso vereador e amigo Bi\u00e3o Nunes. Neste momento de dor, nos solidarizamos com os familiares e amigos, pela perda desta grande amiga que deixou um legado de carinho e amizade.<br>E neste momento, entristecidos pelo acontecimento, oferecemos nossas condol\u00eancias aos familiares e amigos.<br>Em nome de toda popula\u00e7\u00e3o monteirense, queremos externar os nossos mais sinceros sentimentos para o nosso amigo Bi\u00e3o Nunes.<\/p>\n\n\n\n<p>Temos a certeza que a aus\u00eancia de Dona Quit\u00e9ria deixar\u00e1 muitas saudades em todos com quem conviveu e cativou.<br>Monteiro, 06 de abril de 2020.<\/p>\n\n\n\n<p>Anna Lorena<br>Prefeita<\/p>\n\n\n\n<p>Celecileno Alves<br>Vice-prefeito<\/p>\n","protected":false},"excerpt":{"rendered":"<p>Em nome da Prefeitura Municipal de Monteiro, a prefeita Anna Lorena, e o vice-prefeito Celecileno Alves, se solidarizam com o vereador, l\u00edder do governo, Bi\u00e3o&hellip; <\/p>\n","protected":false},"author":1,"featured_media":162427,"comment_status":"closed","ping_status":"closed","sticky":false,"template":"","format":"standard","meta":{"sfsi_plus_gutenberg_text_before_share":"","sfsi_plus_gutenberg_show_text_before_share":"","sfsi_plus_gutenberg_icon_type":"","sfsi_plus_gutenberg_icon_alignemt":"","sfsi_plus_gutenburg_max_per_row":"","footnotes":""},"categories":[6,50],"tags":[],"class_list":["post-162426","post","type-post","status-publish","format-standard","has-post-thumbnail","hentry","category-cidades","category-destaque"],"_links":{"self":[{"href":"https:\/\/www.caririemacao.com\/1\/wp-json\/wp\/v2\/posts\/162426","targetHints":{"allow":["GET"]}}],"collection":[{"href":"https:\/\/www.caririemacao.com\/1\/wp-json\/wp\/v2\/posts"}],"about":[{"href":"https:\/\/www.caririemacao.com\/1\/wp-json\/wp\/v2\/types\/post"}],"author":[{"embeddable":true,"href":"https:\/\/www.caririemacao.com\/1\/wp-json\/wp\/v2\/users\/1"}],"replies":[{"embeddable":true,"href":"https:\/\/www.caririemacao.com\/1\/wp-json\/wp\/v2\/comments?post=162426"}],"version-history":[{"count":1,"href":"https:\/\/www.caririemacao.com\/1\/wp-json\/wp\/v2\/posts\/162426\/revisions"}],"predecessor-version":[{"id":162428,"href":"https:\/\/www.caririemacao.com\/1\/wp-json\/wp\/v2\/posts\/162426\/revisions\/162428"}],"wp:featuredmedia":[{"embeddable":true,"href":"https:\/\/www.caririemacao.com\/1\/wp-json\/wp\/v2\/media\/162427"}],"wp:attachment":[{"href":"https:\/\/www.caririemacao.com\/1\/wp-json\/wp\/v2\/media?parent=162426"}],"wp:term":[{"taxonomy":"category","embeddable":true,"href":"https:\/\/www.caririemacao.com\/1\/wp-json\/wp\/v2\/categories?post=162426"},{"taxonomy":"post_tag","embeddable":true,"href":"https:\/\/www.caririemacao.com\/1\/wp-json\/wp\/v2\/tags?post=162426"}],"curies":[{"name":"wp","href":"https:\/\/api.w.org\/{rel}","templated":true}]}}