{"id":162451,"date":"2020-04-06T10:26:53","date_gmt":"2020-04-06T13:26:53","guid":{"rendered":"http:\/\/www.caririemacao.com\/1\/?p=162451"},"modified":"2020-04-06T10:26:55","modified_gmt":"2020-04-06T13:26:55","slug":"educacao-domiciliar-durante-a-quarentena-tem-sido-desafio-para-pais","status":"publish","type":"post","link":"https:\/\/www.caririemacao.com\/1\/2020\/04\/06\/educacao-domiciliar-durante-a-quarentena-tem-sido-desafio-para-pais\/","title":{"rendered":"Educa\u00e7\u00e3o domiciliar durante a quarentena tem sido desafio para pais"},"content":{"rendered":"\n<p>Com a suspens\u00e3o das aulas na maioria dos estados devido \u00e0 pandemia do novo coronav\u00edrus, muitos estudantes est\u00e3o em casa com os familiares, que tentam conciliar o trabalho formal e as tarefas dom\u00e9sticas com as atividades escolares que mantenham&nbsp;os alunos na rotina de estudos.&nbsp;<\/p>\n\n\n\n<p>Segundo dados do Censo Escolar, em 2019 havia 47,9 milh\u00f5es de alunos matriculados na educa\u00e7\u00e3o b\u00e1sica (educa\u00e7\u00e3o infantil, ensino fundamental e ensino m\u00e9dio) em todo o pa\u00eds, nas redes p\u00fablica e particular.&nbsp;&nbsp;<\/p>\n\n\n\n<p>Com tantos estudantes em casa, algumas institui\u00e7\u00f5es de ensino tentam manter as aulas e as li\u00e7\u00f5es a&nbsp;dist\u00e2ncia, o que tamb\u00e9m representa um desafio para os pais, muitas vezes, sobrecarregados. E o desafio tem sido grande, relatam muitos pais e m\u00e3es. Como destaca a vendedora Silvia Cainelli Zicchella, m\u00e3e do Caio de 10 anos e da Eva de 6, \u201cEssa pandemia n\u00e3o veio com nenhum manual n\u00e9?\u201d. Para ela, que sempre trabalhou fora desde que o primeiro filho nasceu, este momento tem sido tamb\u00e9m de conhecimento m\u00fatuo.&nbsp;&nbsp;<\/p>\n\n\n\n<p>\u201cTenho conhecido meus filhos agora, sempre trabalhei fora e desde que tive o Caio, nunca tive oportunidade de ficar com ele, estive sempre terceirizando a educa\u00e7\u00e3o. Isso me do\u00eda muito, queria ter meio per\u00edodo com eles, mas sempre gostei de trabalhar fora, e quando a gente tem essa oportunidade a gente at\u00e9 se assusta. \u00c9 uma experi\u00eancia diferente, estou conhecendo as pessoas que eu mais amo na vida, porque voc\u00ea tem que ficar trancafiado com eles, sem eles poderem tamb\u00e9m fazer uma atividade diferente.\u201d<\/p>\n\n\n\n<p>Ela conta que a primeira semana foi a mais dif\u00edcil, pois queria tentar conciliar tudo. \u201cConfesso que na primeira semana eu at\u00e9 surtei, porque eu queria fazer tudo. Mas de uma semana para c\u00e1 eu pus na minha cabe\u00e7a que minha casa n\u00e3o \u00e9 prioridade, a aten\u00e7\u00e3o que eu tenho que dar para eles \u00e9 maior e em rela\u00e7\u00e3o ao trabalho, caiu o movimento e a empresa deu f\u00e9rias\u201d, detalha.<\/p>\n\n\n\n<p>Na escola em que os filhos dela estudam, o Col\u00e9gio Soter, na zona leste da capital paulista, todos os dias eles assistem duas aulas de v\u00eddeo com a professora online. O restante das atividades \u00e9 enviado pelo aplicativo. \u201cA parte da escola estou fazendo na medida do poss\u00edvel, quando as coisas normalizarem vamos ver como fica, mas eles t\u00eam uma vida toda pela frente para recuperar esse tempo\u201d, analisa Silvia.<\/p>\n\n\n\n<p>A jornalista Keila Mendes, de Belo Horizonte (MG), est\u00e1 mantendo a rotina com seus dois filhos, Davi de 13 anos e Daniel de 3 anos. \u201cAqui em casa, eu procurei logo de in\u00edcio estabelecer rotinas para que eles n\u00e3o perdessem muito o ritmo e incrementei algumas coisas. De amanh\u00e3 a gente tem um momento para cantar e relaxar. Para o Davi, que est\u00e1 no 8\u00ba ano, o Col\u00e9gio Santa Maria j\u00e1 voltou com as aulas online, no hor\u00e1rio normal, e o Daniel, que est\u00e1 no maternal, s\u00f3 brinca. E os dois est\u00e3o envolvidos comigo nas atividades de casa, e assim o dia passa r\u00e1pido, quando a gente estabelece essas atividades\u201d.<\/p>\n\n\n\n<p>Para ela, a rotina n\u00e3o tem sido pesada. \u201cAt\u00e9 que para a gente n\u00e3o est\u00e3o penosos esses dias, mas tomara que passe logo porque daqui para frente talvez eles sintam a falta dos colegas. Mas, a princ\u00edpio eles est\u00e3o gostando, mas espero que tudo volte ao normal at\u00e9 pela seguran\u00e7a de todos\u201d.<\/p>\n\n\n\n<p>J\u00e1 o analista de sistemas Leonardo In\u00e1cio, de Muria\u00e9, interior de Minas Gerais, disse que est\u00e1 com uma rotina puxada com a filha Isis, de 7 anos. Ele est\u00e1 gerenciando a pr\u00f3pria empresa em&nbsp;<em>home office<\/em>&nbsp;em tempo integral, mas considera o momento importante para ficar com a filha. Leonardo \u201cEstou em home office em hor\u00e1rio normal, mas na hora do almo\u00e7o, eu paro, vou para cozinha com minha filha e ela me ajuda a fazer a refei\u00e7\u00e3o\u201d.<\/p>\n\n\n\n<p>A escola em que a filha estuda, o Col\u00e9gio Santa Marcelina, est\u00e1 oferecendo tamb\u00e9m as aulas pela internet. \u201cDepois do almo\u00e7o, ela vai fazer a aula remota, a classe dela come\u00e7ou a ter aula pela internet em videoconfer\u00eancia e a professora passa algumas tarefas. Est\u00e1 sendo muito bom ficar com a minha filha o tempo inteiro, em casa, fazendo as coisas juntos, mas est\u00e1 apertado, porque a gente tem que dar conta do trabalho, o telefone n\u00e3o para, e ainda arrumar a casa. Mas estamos respeitando bem a quarentena, e estamos os dois aqui, nos divertindo tamb\u00e9m\u201d, detalha.<\/p>\n\n\n\n<h2 class=\"wp-block-heading\">F\u00e9rias antecipadas<\/h2>\n\n\n\n<p>Outras escolas optaram por antecipar as f\u00e9rias, j\u00e1 que muitos pais n\u00e3o conseguiram usar as plataformas de ensino. \u00c9 o caso do Col\u00e9gio Santa Clara, em S\u00e3o Paulo, onde estuda o Luiz Gustavo, de 6 anos, no primeiro ano do ensino fundamental. \u201cO col\u00e9gio passou exerc\u00edcios que puderam ser acessadas pelo Portal Pit\u00e1goras, que a escola j\u00e1 usava, e pelo Google Classroom. Mas a partir de 1\u00ba de abril a dire\u00e7\u00e3o decidiu antecipar as f\u00e9rias de julho, pois alguns pais n\u00e3o estavam conseguindo usar as plataformas e outros reclamaram que precisavam trabalhar em casa e n\u00e3o conseguiam dispor de tempo para ministrar as aulas dos filhos pequenos\u201d, disse a m\u00e3e do estudante, a nutricionista Thais Doblado Prodomo, que tamb\u00e9m \u00e9 trader, e j\u00e1 trabalhava de casa com a\u00e7\u00f5es na bolsa de valores.<\/p>\n\n\n\n<p>Ela diz que enquanto isso o filho tem feito atividades livres. \u201cEle brinca, joga jogos no computador e leio livros junto com ele. Aqui est\u00e1 bem tranquilo\u201d, completa Thais.<\/p>\n\n\n\n<h2 class=\"wp-block-heading\">Fortalecer la\u00e7os<\/h2>\n\n\n\n<p>Na opini\u00e3o da professora de educa\u00e7\u00e3o infantil Ang\u00e9lica dos Santos Benith Belo, mais do que estudar com os filhos, o momento deve ser usado tamb\u00e9m para fortalecer os la\u00e7os familiares. \u201cIniciamos o recesso escolar enviando sugest\u00f5es de atividades para os pais. A maioria participou com entusiasmo na primeira semana, j\u00e1 na segunda semana relataram certa dificuldade em aplicar as atividades e demonstravam em sua fala um anseio pela volta das aulas. Percebendo isso, enviamos v\u00eddeos que demonstravam a import\u00e2ncia do v\u00ednculo familiar e din\u00e2micas de afeto. Neste momento de incertezas, orientamos as fam\u00edlias para que aproveitem esse tempo juntos sem a correria da vida e do dia a dia com seus filhos\u201d, aconselha.&nbsp;&nbsp;<\/p>\n\n\n\n<h2 class=\"wp-block-heading\">Aulas por TV aberta e celular<\/h2>\n\n\n\n<p>Nesta sexta-feira (3), o Governador Jo\u00e3o Doria anunciou o lan\u00e7amento do&nbsp;<a href=\"http:\/\/centrodemidiasp.educacao.sp.gov.br\/\" target=\"_blank\" rel=\"noreferrer noopener\">Centro de M\u00eddias da Educa\u00e7\u00e3o de SP<\/a>, uma plataforma que vai permitir que os estudantes da rede estadual tenham acesso gratuitamente a aulas ao vivo, videoaulas e outros conte\u00fados pedag\u00f3gicos durante o per\u00edodo do isolamento social provocado pelo combate \u00e0 covid-19.<\/p>\n\n\n\n<p>As aulas na rede estadual de S\u00e3o Paulo est\u00e3o suspensas desde o dia 23 de mar\u00e7o, como medida de controle \u00e0 propaga\u00e7\u00e3o da doen\u00e7a. Como a Secretaria de Estado da Educa\u00e7\u00e3o (Seduc) antecipou o per\u00edodo de f\u00e9rias e recesso escolar, neste momento \u00e9 importante que os estudantes acessem e conhe\u00e7am as ferramentas para se familiarizar. As aulas que contar\u00e3o como dias letivos recome\u00e7am no dia 22 de abril.<\/p>\n\n\n\n<p>Al\u00e9m da ferramenta que vai viabilizar o ensino presencial mediado por tecnologia, o Governo de S\u00e3o Paulo tamb\u00e9m fechou um contrato com a TV Cultura, que vai transmitir as aulas por meio do Canal digital 2.3 &#8211; TV Cultura Educa\u00e7\u00e3o. Depois da reabertura das escolas, a ferramenta vai continuar sendo usada para complementar as atividades presenciais.<\/p>\n\n\n\n<h2 class=\"wp-block-heading\">TV Escola&nbsp;<\/h2>\n\n\n\n<p>A TV Escola lan\u00e7ou o projeto \u201cSeguimos Conectados\u201d que pretende ajudar crian\u00e7as e jovens brasileiros sem aulas por conta da epidemia. O projeto \u00e9 um conjunto de a\u00e7\u00f5es que utilizam as mais de 500 horas de programa\u00e7\u00e3o educativa do canal &#8211; sendo 200 horas de programa\u00e7\u00e3o in\u00e9dita &#8211; para manter os estudantes da Educa\u00e7\u00e3o B\u00e1sica engajados nos seus processos de aprendizado, mesmo estando fora do ambiente escolar.&nbsp;&nbsp;<\/p>\n\n\n\n<p>Todas as redes sociais e as plataformas da TV Escola &#8211; app, portal, canal de televis\u00e3o aberto, por sat\u00e9lite e pago &#8211; v\u00e3o dar dicas de como os pais podem motivar as crian\u00e7as a seguirem estudando, como os professores podem compartilhar ideias de utiliza\u00e7\u00e3o da programa\u00e7\u00e3o do canal e os alunos selecionar conte\u00fados por \u00e1rea de conhecimento. O acesso aos conte\u00fados do projeto \u201cSeguimos Conectados\u201d \u00e9 feito pelo canal TV Escola ou pelo site www.tvescola.org.br.<\/p>\n","protected":false},"excerpt":{"rendered":"<p>Com a suspens\u00e3o das aulas na maioria dos estados devido \u00e0 pandemia do novo coronav\u00edrus, muitos estudantes est\u00e3o em casa com os familiares, que tentam&hellip; <\/p>\n","protected":false},"author":2,"featured_media":162452,"comment_status":"closed","ping_status":"closed","sticky":false,"template":"","format":"standard","meta":{"sfsi_plus_gutenberg_text_before_share":"","sfsi_plus_gutenberg_show_text_before_share":"","sfsi_plus_gutenberg_icon_type":"","sfsi_plus_gutenberg_icon_alignemt":"","sfsi_plus_gutenburg_max_per_row":"","footnotes":""},"categories":[14],"tags":[],"class_list":["post-162451","post","type-post","status-publish","format-standard","has-post-thumbnail","hentry","category-educacao"],"_links":{"self":[{"href":"https:\/\/www.caririemacao.com\/1\/wp-json\/wp\/v2\/posts\/162451","targetHints":{"allow":["GET"]}}],"collection":[{"href":"https:\/\/www.caririemacao.com\/1\/wp-json\/wp\/v2\/posts"}],"about":[{"href":"https:\/\/www.caririemacao.com\/1\/wp-json\/wp\/v2\/types\/post"}],"author":[{"embeddable":true,"href":"https:\/\/www.caririemacao.com\/1\/wp-json\/wp\/v2\/users\/2"}],"replies":[{"embeddable":true,"href":"https:\/\/www.caririemacao.com\/1\/wp-json\/wp\/v2\/comments?post=162451"}],"version-history":[{"count":1,"href":"https:\/\/www.caririemacao.com\/1\/wp-json\/wp\/v2\/posts\/162451\/revisions"}],"predecessor-version":[{"id":162453,"href":"https:\/\/www.caririemacao.com\/1\/wp-json\/wp\/v2\/posts\/162451\/revisions\/162453"}],"wp:featuredmedia":[{"embeddable":true,"href":"https:\/\/www.caririemacao.com\/1\/wp-json\/wp\/v2\/media\/162452"}],"wp:attachment":[{"href":"https:\/\/www.caririemacao.com\/1\/wp-json\/wp\/v2\/media?parent=162451"}],"wp:term":[{"taxonomy":"category","embeddable":true,"href":"https:\/\/www.caririemacao.com\/1\/wp-json\/wp\/v2\/categories?post=162451"},{"taxonomy":"post_tag","embeddable":true,"href":"https:\/\/www.caririemacao.com\/1\/wp-json\/wp\/v2\/tags?post=162451"}],"curies":[{"name":"wp","href":"https:\/\/api.w.org\/{rel}","templated":true}]}}