{"id":162455,"date":"2020-04-06T10:32:35","date_gmt":"2020-04-06T13:32:35","guid":{"rendered":"http:\/\/www.caririemacao.com\/1\/?p=162455"},"modified":"2020-04-06T10:32:37","modified_gmt":"2020-04-06T13:32:37","slug":"veja-concursos-e-selecoes-com-editais-publicados-na-pb-de-5-a-12-de-abril","status":"publish","type":"post","link":"https:\/\/www.caririemacao.com\/1\/2020\/04\/06\/veja-concursos-e-selecoes-com-editais-publicados-na-pb-de-5-a-12-de-abril\/","title":{"rendered":"Veja concursos e sele\u00e7\u00f5es com editais publicados na PB de 5 a 12 de abril"},"content":{"rendered":"\n<div class=\"wp-block-image\"><figure class=\"aligncenter\"><img decoding=\"async\" data-src=\"https:\/\/opipoco.com.br\/wp-content\/uploads\/2020\/04\/concurso-publico_selo2-700x363.jpg\" alt=\"concurso-publico_selo2-700x363 Veja concursos e sele\u00e7\u00f5es com editais publicados na PB de 5 a 12 de abril\" class=\"wp-image-87498 lazyload\" src=\"data:image\/svg+xml;base64,PHN2ZyB3aWR0aD0iMSIgaGVpZ2h0PSIxIiB4bWxucz0iaHR0cDovL3d3dy53My5vcmcvMjAwMC9zdmciPjwvc3ZnPg==\" style=\"--smush-placeholder-width: 700px; --smush-placeholder-aspect-ratio: 700\/363;\" \/><\/figure><\/div>\n\n\n\n<p>Pelo menos 190 vagas, al\u00e9m de cadastro de reserva de profissionais de sa\u00fade, est\u00e3o dispon\u00edveis em quatro editais publicados na Para\u00edba nesta semana de 5 a 12 de abril. S\u00e3o dois editais abertos para artistas, um para profissionais que v\u00e3o atuar contra a Covid-19 e um para a prefeitura de Po\u00e7o Dantas. Os demais editais que estavam com inscri\u00e7\u00f5es abertas esta semana foram suspensos por tempo indeterminado por causa da pandemia do novo coronav\u00edrus.<\/p>\n\n\n\n<h2 class=\"wp-block-heading\">Concurso da Prefeitura de Po\u00e7o Dantas<\/h2>\n\n\n\n<ul class=\"wp-block-list\"><li><strong>Vagas:<\/strong>&nbsp;20<\/li><li><strong>N\u00edveis:<\/strong>&nbsp;todos<\/li><li><strong>Sal\u00e1rios:<\/strong>&nbsp;R$ 1.045 a R$ 8 mil<\/li><li><strong>Prazo de inscri\u00e7\u00e3o:&nbsp;<\/strong>at\u00e9 17 de abril<\/li><li><strong>Local de inscri\u00e7\u00e3o:<\/strong>&nbsp;sede da prefeitura ou&nbsp;<a href=\"http:\/\/www.facetconcursos.com.br\/\" target=\"_blank\" rel=\"noreferrer noopener\">site da organizadora, Facet<\/a><\/li><li><strong>Taxas de inscri\u00e7\u00e3o:&nbsp;<\/strong>R$ 60 (fundamental), R$ 80 (m\u00e9dio) e R$ 100 (superior)<\/li><li><strong>Provas:&nbsp;<\/strong>17 de maio<\/li><li><a href=\"http:\/\/www.facetconcursos.com.br\/dantas\/edital.pdf\" target=\"_blank\" rel=\"noreferrer noopener\">Edital do concurso da Prefeitura de Po\u00e7o Dantas<\/a><\/li><\/ul>\n\n\n\n<h2 class=\"wp-block-heading\">Sele\u00e7\u00e3o da Ebserh para enfrentamento do coronav\u00edrus nos HUs<\/h2>\n\n\n\n<ul class=\"wp-block-list\"><li><strong>Vagas:&nbsp;<\/strong>cadastro de reserva<\/li><li><strong>Prazo de inscri\u00e7\u00e3o:&nbsp;<\/strong>at\u00e9 segunda-feira (6)<\/li><li><strong>Local de inscri\u00e7\u00e3o:<\/strong>&nbsp;<a href=\"https:\/\/www.institutoaocp.org.br\/concurso.jsp?id=260\" target=\"_blank\" rel=\"noreferrer noopener\">site da organizadora, Instituto AOCP<\/a><\/li><li><strong>Taxa de inscri\u00e7\u00e3o:&nbsp;<\/strong>gratuita<\/li><li><strong>Remunera\u00e7\u00f5es:&nbsp;<\/strong>R$ 3.255,32 a R$ 10.350,45<\/li><li><strong>N\u00edveis:&nbsp;<\/strong>t\u00e9cnico e superior<\/li><li><strong>Cargos:&nbsp;<\/strong>m\u00e9dico, enfermeiro, t\u00e9cnico em enfermagem, fisioterapia, engenheiro e arquiteto<\/li><li><a href=\"https:\/\/www.institutoaocp.org.br\/concursos\/arquivos\/ed_ebserh_covid.pdf?\" target=\"_blank\" rel=\"noreferrer noopener\">Edital de sele\u00e7\u00e3o da Ebserh para HUs na Para\u00edba<\/a><\/li><\/ul>\n\n\n\n<h2 class=\"wp-block-heading\">Sele\u00e7\u00e3o da Funesc para \u201cMeu Espa\u00e7o \u2013 Compartilhando Cultura\u201d<\/h2>\n\n\n\n<ul class=\"wp-block-list\"><li><strong>Vagas:<\/strong>&nbsp;105<\/li><li><strong>Prazo de inscri\u00e7\u00e3o:&nbsp;<\/strong>at\u00e9 sexta-feira (10)<\/li><li><strong>Local de inscri\u00e7\u00e3o:&nbsp;<\/strong><a href=\"https:\/\/funesc.pb.gov.br\/espaco-cultural\/editais\/edital-meu-espaco-compartilhando-cultura\" target=\"_blank\" rel=\"noreferrer noopener\">site da Funesc<\/a><\/li><li><strong>Taxa de inscri\u00e7\u00e3o:&nbsp;<\/strong>gratuita<\/li><li><strong>Cach\u00eas:&nbsp;<\/strong>R$ 1 mil<\/li><li><strong>\u00c1reas:&nbsp;<\/strong>conta\u00e7\u00e3o de hist\u00f3rias, circo, teatro, dan\u00e7a, literatura, hist\u00f3rias em quadrinhos, m\u00fasica, culturas populares, artes visuais, poesia falada e cinema<\/li><li><a href=\"https:\/\/funesc.pb.gov.br\/espaco-cultural\/editais\/edital-meu-espaco-compartilhando-cultura\/edital-meu-espaco-1.pdf\/view\" target=\"_blank\" rel=\"noreferrer noopener\">Edital de sele\u00e7\u00e3o de artistas para o \u201cMeu Espa\u00e7o \u2013 Compartilhando Cultura\u201d<\/a><\/li><\/ul>\n\n\n\n<h2 class=\"wp-block-heading\">Sele\u00e7\u00e3o da Secult para \u201c#CulturaPBnaWeb\u201d<\/h2>\n\n\n\n<ul class=\"wp-block-list\"><li><strong>Vagas:&nbsp;<\/strong>65<\/li><li><strong>Prazo de inscri\u00e7\u00e3o:<\/strong>&nbsp;at\u00e9 13 de abril<\/li><li><strong>Local de inscri\u00e7\u00e3o:<\/strong>&nbsp;<a href=\"https:\/\/paraiba.pb.gov.br\/diretas\/secreta-ria-da-cultura\" target=\"_blank\" rel=\"noreferrer noopener\">site da Secult<\/a><\/li><li><strong>Taxa de inscri\u00e7\u00e3o:&nbsp;<\/strong>gratuita<\/li><li><strong>Cach\u00eas:<\/strong>&nbsp;R$ 750 a R$ 1 mil<\/li><li><strong>\u00c1reas:&nbsp;<\/strong>causo, glosa, repente, teatro de bonecos, jogos e n\u00fameros circenses infantis, longa-metragem, curta-metragem e performance solo ou duo<\/li><li><a href=\"https:\/\/auniao.pb.gov.br\/servicos\/arquivo-digital\/doe\/janeiro\/abril\/diario-oficial-03-04-2020.pdf\" target=\"_blank\" rel=\"noreferrer noopener\">Edital de sele\u00e7\u00e3o de artistas para o \u201cCulturaPBnaWeb\u201d<\/a><\/li><\/ul>\n","protected":false},"excerpt":{"rendered":"<p>Pelo menos 190 vagas, al\u00e9m de cadastro de reserva de profissionais de sa\u00fade, est\u00e3o dispon\u00edveis em quatro editais publicados na Para\u00edba nesta semana de 5&hellip; <\/p>\n","protected":false},"author":2,"featured_media":92258,"comment_status":"closed","ping_status":"closed","sticky":false,"template":"","format":"standard","meta":{"sfsi_plus_gutenberg_text_before_share":"","sfsi_plus_gutenberg_show_text_before_share":"","sfsi_plus_gutenberg_icon_type":"","sfsi_plus_gutenberg_icon_alignemt":"","sfsi_plus_gutenburg_max_per_row":"","footnotes":""},"categories":[6],"tags":[],"class_list":["post-162455","post","type-post","status-publish","format-standard","has-post-thumbnail","hentry","category-cidades"],"_links":{"self":[{"href":"https:\/\/www.caririemacao.com\/1\/wp-json\/wp\/v2\/posts\/162455","targetHints":{"allow":["GET"]}}],"collection":[{"href":"https:\/\/www.caririemacao.com\/1\/wp-json\/wp\/v2\/posts"}],"about":[{"href":"https:\/\/www.caririemacao.com\/1\/wp-json\/wp\/v2\/types\/post"}],"author":[{"embeddable":true,"href":"https:\/\/www.caririemacao.com\/1\/wp-json\/wp\/v2\/users\/2"}],"replies":[{"embeddable":true,"href":"https:\/\/www.caririemacao.com\/1\/wp-json\/wp\/v2\/comments?post=162455"}],"version-history":[{"count":1,"href":"https:\/\/www.caririemacao.com\/1\/wp-json\/wp\/v2\/posts\/162455\/revisions"}],"predecessor-version":[{"id":162456,"href":"https:\/\/www.caririemacao.com\/1\/wp-json\/wp\/v2\/posts\/162455\/revisions\/162456"}],"wp:featuredmedia":[{"embeddable":true,"href":"https:\/\/www.caririemacao.com\/1\/wp-json\/wp\/v2\/media\/92258"}],"wp:attachment":[{"href":"https:\/\/www.caririemacao.com\/1\/wp-json\/wp\/v2\/media?parent=162455"}],"wp:term":[{"taxonomy":"category","embeddable":true,"href":"https:\/\/www.caririemacao.com\/1\/wp-json\/wp\/v2\/categories?post=162455"},{"taxonomy":"post_tag","embeddable":true,"href":"https:\/\/www.caririemacao.com\/1\/wp-json\/wp\/v2\/tags?post=162455"}],"curies":[{"name":"wp","href":"https:\/\/api.w.org\/{rel}","templated":true}]}}