{"id":162463,"date":"2020-04-06T12:52:47","date_gmt":"2020-04-06T15:52:47","guid":{"rendered":"http:\/\/www.caririemacao.com\/1\/?p=162463"},"modified":"2020-04-06T12:52:50","modified_gmt":"2020-04-06T15:52:50","slug":"mec-autoriza-antecipacao-de-formatura-de-alunos-da-area-de-saude","status":"publish","type":"post","link":"https:\/\/www.caririemacao.com\/1\/2020\/04\/06\/mec-autoriza-antecipacao-de-formatura-de-alunos-da-area-de-saude\/","title":{"rendered":"MEC autoriza antecipa\u00e7\u00e3o de formatura de alunos da \u00e1rea de sa\u00fade"},"content":{"rendered":"\n<p>O Minist\u00e9rio da Educa\u00e7\u00e3o autorizou a formatura de alunos dos cursos de medicina, enfermagem, farm\u00e1cia e fisioterapia, exclusivamente para atua\u00e7\u00e3o desses profissionais nas a\u00e7\u00f5es de combate \u00e0 pandemia do novo coronav\u00edrus. A Portaria n\u00ba 374\/2020 foi publicada hoje (6) no&nbsp;Di\u00e1rio Oficial da Uni\u00e3o.<\/p>\n\n\n\n<p>A medida vale para institui\u00e7\u00f5es federais de ensino e tem car\u00e1ter excepcional, enquanto durar a situa\u00e7\u00e3o de emerg\u00eancia de sa\u00fade p\u00fablica. Para antecipar a cola\u00e7\u00e3o de grau, os alunos precisam ter cumprido 75% da carga hor\u00e1ria prevista para o per\u00edodo de internato m\u00e9dico ou est\u00e1gio supervisionado.<\/p>\n\n\n\n<p>O internato m\u00e9dico \u00e9 o per\u00edodo de dois anos de est\u00e1gio curricular obrigat\u00f3rio para os estudantes de medicina. J\u00e1 o est\u00e1gio obrigat\u00f3rio supervisionado para os cursos de enfermagem, farm\u00e1cia e fisioterapia equivalente a 20% da carga hor\u00e1ria total do curso.<\/p>\n\n\n\n<p>A sele\u00e7\u00e3o e aloca\u00e7\u00e3o dos profissionais ser\u00e1 articulada com os \u00f3rg\u00e3o de sa\u00fade municipais, estaduais e distritais.<\/p>\n\n\n\n<p>De acordo com a portaria, a carga hor\u00e1ria dedicada pelos profissionais no esfor\u00e7o de conten\u00e7\u00e3o da pandemia dever\u00e1 ser computada pelas institui\u00e7\u00f5es de ensino para complementa\u00e7\u00e3o das horas devidas de est\u00e1gio obrigat\u00f3rio, para a obten\u00e7\u00e3o do registro profissional definitivo. A atua\u00e7\u00e3o dos profissionais tamb\u00e9m ser\u00e1 bonificada, uma \u00fanica vez, com o acr\u00e9scimo de 10% na nota final do processo de sele\u00e7\u00e3o p\u00fablica para o ingresso nos programas de resid\u00eancia.<\/p>\n\n\n\n<p>Na semana passada, o governo encaminhou ao Congresso a&nbsp;Medida Provis\u00f3ria (MP) n\u00ba 934\/2020&nbsp;que estabelece normas excepcionais sobre o ano letivo da educa\u00e7\u00e3o b\u00e1sica e do ensino superior. Nela est\u00e1 previsto que institui\u00e7\u00f5es de educa\u00e7\u00e3o superior poder\u00e3o abreviar a dura\u00e7\u00e3o desses cursos, desde que o aluno cumpra, no m\u00ednimo, 75% da carga hor\u00e1ria do internato do curso de medicina ou do est\u00e1gio curricular obrigat\u00f3rio dos cursos de enfermagem, farm\u00e1cia e fisioterapia.<\/p>\n","protected":false},"excerpt":{"rendered":"<p>O Minist\u00e9rio da Educa\u00e7\u00e3o autorizou a formatura de alunos dos cursos de medicina, enfermagem, farm\u00e1cia e fisioterapia, exclusivamente para atua\u00e7\u00e3o desses profissionais nas a\u00e7\u00f5es de&hellip; <\/p>\n","protected":false},"author":2,"featured_media":162464,"comment_status":"closed","ping_status":"closed","sticky":false,"template":"","format":"standard","meta":{"sfsi_plus_gutenberg_text_before_share":"","sfsi_plus_gutenberg_show_text_before_share":"","sfsi_plus_gutenberg_icon_type":"","sfsi_plus_gutenberg_icon_alignemt":"","sfsi_plus_gutenburg_max_per_row":"","footnotes":""},"categories":[14],"tags":[],"class_list":["post-162463","post","type-post","status-publish","format-standard","has-post-thumbnail","hentry","category-educacao"],"_links":{"self":[{"href":"https:\/\/www.caririemacao.com\/1\/wp-json\/wp\/v2\/posts\/162463","targetHints":{"allow":["GET"]}}],"collection":[{"href":"https:\/\/www.caririemacao.com\/1\/wp-json\/wp\/v2\/posts"}],"about":[{"href":"https:\/\/www.caririemacao.com\/1\/wp-json\/wp\/v2\/types\/post"}],"author":[{"embeddable":true,"href":"https:\/\/www.caririemacao.com\/1\/wp-json\/wp\/v2\/users\/2"}],"replies":[{"embeddable":true,"href":"https:\/\/www.caririemacao.com\/1\/wp-json\/wp\/v2\/comments?post=162463"}],"version-history":[{"count":1,"href":"https:\/\/www.caririemacao.com\/1\/wp-json\/wp\/v2\/posts\/162463\/revisions"}],"predecessor-version":[{"id":162465,"href":"https:\/\/www.caririemacao.com\/1\/wp-json\/wp\/v2\/posts\/162463\/revisions\/162465"}],"wp:featuredmedia":[{"embeddable":true,"href":"https:\/\/www.caririemacao.com\/1\/wp-json\/wp\/v2\/media\/162464"}],"wp:attachment":[{"href":"https:\/\/www.caririemacao.com\/1\/wp-json\/wp\/v2\/media?parent=162463"}],"wp:term":[{"taxonomy":"category","embeddable":true,"href":"https:\/\/www.caririemacao.com\/1\/wp-json\/wp\/v2\/categories?post=162463"},{"taxonomy":"post_tag","embeddable":true,"href":"https:\/\/www.caririemacao.com\/1\/wp-json\/wp\/v2\/tags?post=162463"}],"curies":[{"name":"wp","href":"https:\/\/api.w.org\/{rel}","templated":true}]}}