{"id":162467,"date":"2020-04-06T12:54:10","date_gmt":"2020-04-06T15:54:10","guid":{"rendered":"http:\/\/www.caririemacao.com\/1\/?p=162467"},"modified":"2020-04-06T12:54:12","modified_gmt":"2020-04-06T15:54:12","slug":"prefeito-e-prefeita-das-duas-maiores-cidades-da-regiao-do-cariri-se-filiam-no-pl-de-wellington-roberto","status":"publish","type":"post","link":"https:\/\/www.caririemacao.com\/1\/2020\/04\/06\/prefeito-e-prefeita-das-duas-maiores-cidades-da-regiao-do-cariri-se-filiam-no-pl-de-wellington-roberto\/","title":{"rendered":"Prefeito e prefeita das duas maiores cidades da regi\u00e3o do Cariri se filiam no PL de Wellington Roberto"},"content":{"rendered":"\n<p>A prefeita de Monteiro, Anna Lorena e o prefeito de Sum\u00e9, \u00c9den Duarte, se filiaram no partido PL, presidido na Para\u00edba, pelo deputado federal, Wellington Roberto.<\/p>\n\n\n\n<p>Lorena \u00e9 pr\u00e9-candidata \u00e0 reelei\u00e7\u00e3o e venceu as elei\u00e7\u00f5es em 2016, filiada ao PSDB. \u00c9den eram um dos importantes quadros da PSB da Para\u00edba, mas tamb\u00e9m optou em seguir para o PL e confirmou que vai disputar \u00e0 reelei\u00e7\u00e3o.<\/p>\n\n\n\n<p><strong>Blog do Bruno Lira<\/strong><\/p>\n","protected":false},"excerpt":{"rendered":"<p>A prefeita de Monteiro, Anna Lorena e o prefeito de Sum\u00e9, \u00c9den Duarte, se filiaram no partido PL, presidido na Para\u00edba, pelo deputado federal, Wellington&hellip; <\/p>\n","protected":false},"author":2,"featured_media":162468,"comment_status":"closed","ping_status":"closed","sticky":false,"template":"","format":"standard","meta":{"sfsi_plus_gutenberg_text_before_share":"","sfsi_plus_gutenberg_show_text_before_share":"","sfsi_plus_gutenberg_icon_type":"","sfsi_plus_gutenberg_icon_alignemt":"","sfsi_plus_gutenburg_max_per_row":"","footnotes":""},"categories":[6,50],"tags":[],"class_list":["post-162467","post","type-post","status-publish","format-standard","has-post-thumbnail","hentry","category-cidades","category-destaque"],"_links":{"self":[{"href":"https:\/\/www.caririemacao.com\/1\/wp-json\/wp\/v2\/posts\/162467","targetHints":{"allow":["GET"]}}],"collection":[{"href":"https:\/\/www.caririemacao.com\/1\/wp-json\/wp\/v2\/posts"}],"about":[{"href":"https:\/\/www.caririemacao.com\/1\/wp-json\/wp\/v2\/types\/post"}],"author":[{"embeddable":true,"href":"https:\/\/www.caririemacao.com\/1\/wp-json\/wp\/v2\/users\/2"}],"replies":[{"embeddable":true,"href":"https:\/\/www.caririemacao.com\/1\/wp-json\/wp\/v2\/comments?post=162467"}],"version-history":[{"count":1,"href":"https:\/\/www.caririemacao.com\/1\/wp-json\/wp\/v2\/posts\/162467\/revisions"}],"predecessor-version":[{"id":162470,"href":"https:\/\/www.caririemacao.com\/1\/wp-json\/wp\/v2\/posts\/162467\/revisions\/162470"}],"wp:featuredmedia":[{"embeddable":true,"href":"https:\/\/www.caririemacao.com\/1\/wp-json\/wp\/v2\/media\/162468"}],"wp:attachment":[{"href":"https:\/\/www.caririemacao.com\/1\/wp-json\/wp\/v2\/media?parent=162467"}],"wp:term":[{"taxonomy":"category","embeddable":true,"href":"https:\/\/www.caririemacao.com\/1\/wp-json\/wp\/v2\/categories?post=162467"},{"taxonomy":"post_tag","embeddable":true,"href":"https:\/\/www.caririemacao.com\/1\/wp-json\/wp\/v2\/tags?post=162467"}],"curies":[{"name":"wp","href":"https:\/\/api.w.org\/{rel}","templated":true}]}}