{"id":162473,"date":"2020-04-06T12:55:56","date_gmt":"2020-04-06T15:55:56","guid":{"rendered":"http:\/\/www.caririemacao.com\/1\/?p=162473"},"modified":"2020-04-06T12:56:00","modified_gmt":"2020-04-06T15:56:00","slug":"acude-do-congo-esta-prestes-a-transbordar-faltando-apenas-1-para-atingir-a-sangria","status":"publish","type":"post","link":"https:\/\/www.caririemacao.com\/1\/2020\/04\/06\/acude-do-congo-esta-prestes-a-transbordar-faltando-apenas-1-para-atingir-a-sangria\/","title":{"rendered":"A\u00e7ude do Congo est\u00e1 prestes a transbordar, faltando apenas 1% para atingir a sangria"},"content":{"rendered":"\n<p>Com as chuvas registradas em algumas localidades da regi\u00e3o do Cariri e a descida das \u00e1guas provenientes das cheias de outros mananciais vizinhos, o a\u00e7ude Cordeiro do Congo ultrapassou os 99% da capacidade total, faltando simplesmente uma boa chuva ou mais \u00e1gua advinda dos rios e reservat\u00f3rios pr\u00f3ximos para que possa finalmente transbordar.<\/p>\n\n\n\n<p>Em dados colhidos pela reportagem do Portal De Olho no Cariri nesta segunda-feira, 06, o a\u00e7ude do Congo falta menos de 1% para atingir a capacidade total.<\/p>\n\n\n\n<p>O a\u00e7ude do Congo atingiu os 99,24% da capacidade apresentando um volume atual de 69.965.945 m\u00b3. O reservat\u00f3rio tem capacidade de armazenar cerca de 69.965.945 m\u00b3 (sessenta e nove milh\u00f5es, novecentos e sessenta e cinco mil, novecentos e quarenta e cinco metros c\u00fabicos de \u00e1gua).<\/p>\n\n\n\n<p>Outro reservat\u00f3rio que vem recebendo uma grande quantidade de \u00e1gua e o a\u00e7ude de Camala\u00fa, em dados coletados pela Aesa no \u00faltimo dia 03 de abril, o reservat\u00f3rio atingiu o porcentual de 99,31% de sua capacidade, apresentando um volume atual de 47.773.296 m\u00b3. A capacidade m\u00e1xima do a\u00e7ude de Camala\u00fa \u00e9 de 48.107.240 m\u00b3.<\/p>\n\n\n\n<p>J\u00e1 em dados coletados nesta segunda-feira(06), o manancial teve uma queda em seu volume de \u00e1gua, estando agora com um percentual de 86,01 %, estando com um volume atual de 41.378.292 m\u00b3.<\/p>\n\n\n\n<p>O decr\u00e9scimo do volume de \u00e1gua em Camala\u00fa se deu nos \u00faltimos dias, devido a abertura de uma de suas comportas realizada pelo DNOCS. Por isso, o reservat\u00f3rio n\u00e3o est\u00e1 mais conseguindo acumular o volume de \u00e1gua que estava sendo armazenado.<\/p>\n\n\n\n<p>Os dois a\u00e7udes s\u00e3o respons\u00e1veis pelo abastecimento dos respectivos munic\u00edpios e de outras cidades da regi\u00e3o, sendo listado entre os maiores reservat\u00f3rios da regi\u00e3o do Cariri.<\/p>\n\n\n\n<p><strong>De Olho no Cariri<\/strong><\/p>\n\n\n\n<p><em>Foto: Ari<\/em><\/p>\n","protected":false},"excerpt":{"rendered":"<p>Com as chuvas registradas em algumas localidades da regi\u00e3o do Cariri e a descida das \u00e1guas provenientes das cheias de outros mananciais vizinhos, o a\u00e7ude&hellip; <\/p>\n","protected":false},"author":2,"featured_media":162475,"comment_status":"closed","ping_status":"closed","sticky":false,"template":"","format":"standard","meta":{"sfsi_plus_gutenberg_text_before_share":"","sfsi_plus_gutenberg_show_text_before_share":"","sfsi_plus_gutenberg_icon_type":"","sfsi_plus_gutenberg_icon_alignemt":"","sfsi_plus_gutenburg_max_per_row":"","footnotes":""},"categories":[2],"tags":[],"class_list":["post-162473","post","type-post","status-publish","format-standard","has-post-thumbnail","hentry","category-geral"],"_links":{"self":[{"href":"https:\/\/www.caririemacao.com\/1\/wp-json\/wp\/v2\/posts\/162473","targetHints":{"allow":["GET"]}}],"collection":[{"href":"https:\/\/www.caririemacao.com\/1\/wp-json\/wp\/v2\/posts"}],"about":[{"href":"https:\/\/www.caririemacao.com\/1\/wp-json\/wp\/v2\/types\/post"}],"author":[{"embeddable":true,"href":"https:\/\/www.caririemacao.com\/1\/wp-json\/wp\/v2\/users\/2"}],"replies":[{"embeddable":true,"href":"https:\/\/www.caririemacao.com\/1\/wp-json\/wp\/v2\/comments?post=162473"}],"version-history":[{"count":1,"href":"https:\/\/www.caririemacao.com\/1\/wp-json\/wp\/v2\/posts\/162473\/revisions"}],"predecessor-version":[{"id":162476,"href":"https:\/\/www.caririemacao.com\/1\/wp-json\/wp\/v2\/posts\/162473\/revisions\/162476"}],"wp:featuredmedia":[{"embeddable":true,"href":"https:\/\/www.caririemacao.com\/1\/wp-json\/wp\/v2\/media\/162475"}],"wp:attachment":[{"href":"https:\/\/www.caririemacao.com\/1\/wp-json\/wp\/v2\/media?parent=162473"}],"wp:term":[{"taxonomy":"category","embeddable":true,"href":"https:\/\/www.caririemacao.com\/1\/wp-json\/wp\/v2\/categories?post=162473"},{"taxonomy":"post_tag","embeddable":true,"href":"https:\/\/www.caririemacao.com\/1\/wp-json\/wp\/v2\/tags?post=162473"}],"curies":[{"name":"wp","href":"https:\/\/api.w.org\/{rel}","templated":true}]}}