{"id":162478,"date":"2020-04-06T13:03:14","date_gmt":"2020-04-06T16:03:14","guid":{"rendered":"http:\/\/www.caririemacao.com\/1\/?p=162478"},"modified":"2020-04-06T13:03:16","modified_gmt":"2020-04-06T16:03:16","slug":"coronavirus-deve-mergulhar-o-brasil-na-pior-decada-economica-da-historia","status":"publish","type":"post","link":"https:\/\/www.caririemacao.com\/1\/2020\/04\/06\/coronavirus-deve-mergulhar-o-brasil-na-pior-decada-economica-da-historia\/","title":{"rendered":"Coronav\u00edrus deve mergulhar o Brasil na pior d\u00e9cada econ\u00f4mica da hist\u00f3ria"},"content":{"rendered":"\n<p>O per\u00edodo de dez anos que se encerra em 2020 poder\u00e1 registrar a maior queda da renda per capita da hist\u00f3ria republicana do pa\u00eds, superando at\u00e9 mesmo a contra\u00e7\u00e3o dos anos 1980, que ficaram cunhados como a d\u00e9cada perdida brasileira.<\/p>\n\n\n\n<p>Uma contra\u00e7\u00e3o do PIB (Produto Interno Bruto) superior a 2% neste ano \u2013que v\u00e1rios analistas j\u00e1 consideram fact\u00edvel\u2013 levaria o rendimento m\u00e9dio da popula\u00e7\u00e3o a recuar mais do que o 0,43% amargado entre 1981 e 1990, segundo c\u00e1lculos de Fernando Montero, economista-chefe da corretora Tullett Prebon.<\/p>\n\n\n\n<p>As medidas necess\u00e1rias para conter a expans\u00e3o da Covid-19 j\u00e1 t\u00eam surtido efeito, fortemente recessivo. Isso n\u00e3o \u00e9 exclusividade do Brasil.<\/p>\n\n\n\n<p>O problema, no caso brasileiro, \u00e9 que o quadro negativo da atividade n\u00e3o se restringe a este ano at\u00edpico. O pa\u00eds enfrentou uma severa e longa recess\u00e3o entre o segundo trimestre de 2014 e o fim de 2016. Depois, veio uma recupera\u00e7\u00e3o lenta, que, ano ap\u00f3s ano, vinha surpreendendo os analistas negativamente.<\/p>\n\n\n\n<p>\u201cA crise atual \u00e9 muito forte, abrupta, e pega uma economia com uma baixa din\u00e2mica de crescimento, logo no in\u00edcio do ano\u201d, diz Montero.<\/p>\n\n\n\n<p>A debilidade econ\u00f4mica dos \u00faltimos anos j\u00e1 fazia com que especialistas comparassem o quadro de estagna\u00e7\u00e3o da renda m\u00e9dia da popula\u00e7\u00e3o brasileira nesta d\u00e9cada com o registrado nos anos 1980, quando a economia foi assolada por hiperinfla\u00e7\u00e3o e crises da d\u00edvida externa.<\/p>\n\n\n\n<p>At\u00e9 recentemente, as proje\u00e7\u00f5es de crescimento entre 1,5% e 2% da economia previstos para 2020 indicavam que o desempenho do per\u00edodo de 2011 a 2020 seria ligeiramente melhor do que a contra\u00e7\u00e3o de 0,43% da renda per capita, verificada entre 1981 e 1990.<\/p>\n\n\n\n<p>Mas, ap\u00f3s a eclos\u00e3o da crise da Covid-19, as estimativas do PIB para este ano se deterioraram rapidamente, passando de uma expectativa m\u00e9dia de alta de 1,5% para outra de queda de 0,5%.<\/p>\n\n\n\n<p>A tend\u00eancia, segundo analistas, \u00e9 que essa proje\u00e7\u00e3o m\u00e9dia de contra\u00e7\u00e3o mais recente continue a cair nas pr\u00f3ximas semanas. Grandes bancos como Bradesco, Ita\u00fa Unibanco e UBS revisaram seus n\u00fameros para baixo. As duas institui\u00e7\u00f5es esperam, respectivamente, contra\u00e7\u00f5es de 1%, 0,7% e 2% em 2020.<\/p>\n\n\n\n<p>Na quinta-feira (2), o BofA (Bank of America) afirmou esperar quedas severas da atividade em toda a Am\u00e9rica Latina neste ano, com contra\u00e7\u00f5es de 3,5% e 8% das duas maiores economias da regi\u00e3o \u2013a brasileira e a mexicana\u2013, respectivamente.<\/p>\n\n\n\n<p>Para Montero, sua estimativa atual, de uma queda de 2,5% do PIB do Brasil em 2020, j\u00e1 \u00e9 uma esp\u00e9cie de cen\u00e1rio menos dr\u00e1stico poss\u00edvel.<\/p>\n\n\n\n<p>\u201cConforme os n\u00fameros de cont\u00e1gio pelo v\u00edrus pioram e aumentam os riscos de uma quarentena mais extensa, talvez at\u00e9 recorrente, uma queda de 2,5% come\u00e7a a parecer otimista\u201d, afirma.<\/p>\n\n\n\n<p>Se o PIB recuar 2,5% neste ano, a queda da renda per capita na d\u00e9cada ser\u00e1 de 0,48%.<\/p>\n\n\n\n<p>Montero ressalta que um agravante do cen\u00e1rio atual brasileiro \u00e9 o fato de o colapso econ\u00f4mico recente ter se concentrado em um intervalo de poucos anos, a partir de 2014.<\/p>\n\n\n\n<p>\u201cChamam a aten\u00e7\u00e3o n\u00e3o apenas a intensidade e a sequ\u00eancia das quedas anuais mas tamb\u00e9m a aus\u00eancia de qualquer recupera\u00e7\u00e3o significativa no intervalo dos \u00faltimos anos.\u201d<\/p>\n\n\n\n<p>A magnitude dos efeitos da Covid-19 sobre a atividade econ\u00f4mica ficar\u00e1 mais clara nas pr\u00f3ximas semanas \u00e0 medida que indicadores da produ\u00e7\u00e3o e do consumo forem divulgados.<\/p>\n\n\n\n<p>Mas dados preliminares mostram um impacto negativo significativo da pandemia sobre a atividade econ\u00f4mica.<\/p>\n\n\n\n<p>O \u00cdndice Gerentes de Compras (PMI, em ingl\u00eas) mostrou uma queda de 3,9 pontos da atividade industrial no Brasil em mar\u00e7o, o pior desempenho desde fevereiro de 2017. Com esse recuo, o n\u00edvel de produ\u00e7\u00e3o passou de 52,3 para 48,4 (n\u00fameros abaixo de 50 indicam contra\u00e7\u00e3o).<\/p>\n\n\n\n<p>No caso do setor de servi\u00e7os, o desempenho capturado pelo PMI foi ainda pior: uma queda de 15,9 pontos para 34,5 em mar\u00e7o, o menor n\u00edvel e a maior queda desde que a s\u00e9rie come\u00e7ou, no in\u00edcio de 2008.<\/p>\n\n\n\n<p>O PMI \u00e9 bastante acompanhado por economistas porque se baseia em entrevistas com executivos do segmento manufatureiro que focam indicadores como n\u00edvel de novas encomendas, varia\u00e7\u00f5es em custos e ajustes de estoques.<\/p>\n\n\n\n<p>Segundo a consultoria IHS Markit, que calcula o PMI, \u201cas medidas de sa\u00fade p\u00fablica para deter a propaga\u00e7\u00e3o da Covid-19 levaram a uma demanda mais baixa tanto no mercado interno quanto no externo\u201d.<\/p>\n\n\n\n<p>A consultoria destacou que os entrevistados relataram cortes de m\u00e3o de obra que, como um todo, causaram a maior perda mensal de empregos no setor industrial em mais de tr\u00eas anos.<\/p>\n\n\n\n<p>Al\u00e9m da queda de novas encomendas, os empres\u00e1rios mencionaram maior press\u00e3o sobre seus custos, causada por fatores como a desvaloriza\u00e7\u00e3o do real em rela\u00e7\u00e3o ao d\u00f3lar (leia texto abaixo).<\/p>\n\n\n\n<p>As medidas de isolamento tamb\u00e9m tiveram efeito sobre os prazos de entregas de insumos. O sub\u00edndice do PMI da ind\u00fastria que mede isso caiu 4,3 pontos, a maior contra\u00e7\u00e3o mensal desde a greve dos caminhoneiros, que paralisou o Brasil entre maio e junho de 2018.<\/p>\n\n\n\n<p>Outro efeito j\u00e1 capturado no fim de mar\u00e7o foi um forte recuo nos emplacamentos de carros.<\/p>\n\n\n\n<p>Indicadores da confian\u00e7a de consumidores e empres\u00e1rios, compilados pela FGV (Funda\u00e7\u00e3o Getulio Vargas), tamb\u00e9m mostram uma deteriora\u00e7\u00e3o abrupta do cen\u00e1rio econ\u00f4mico nas \u00faltimas semanas.<\/p>\n\n\n\n<p>Alguns desses \u00edndices vinham se recuperando, embora ainda n\u00e3o tivessem voltado para os n\u00edveis de otimismo anteriores \u00e0 recess\u00e3o despencaram.<\/p>\n\n\n\n<p>Agora, houve uma nova revers\u00e3o de tend\u00eancia. O indicador que mede a confian\u00e7a de empres\u00e1rios de quatro setores \u2013ind\u00fastria, com\u00e9rcio, servi\u00e7os e constru\u00e7\u00e3o civil\u2013 recuou 6,5 pontos em mar\u00e7o, para 89,5 (patamares abaixo de 100 denotam pessimismo).<\/p>\n\n\n\n<p>As sondagens da FGV s\u00e3o formadas por dois componentes principais, um que indica a percep\u00e7\u00e3o de empres\u00e1rios em rela\u00e7\u00e3o ao presente e outro que revela suas expectativas para o futuro.<\/p>\n\n\n\n<p>O \u00edndice que aponta as tend\u00eancias esperadas no ambiente de neg\u00f3cios nos pr\u00f3ximos meses recuou 14,9 pontos, a maior queda desde outubro de 2008, quando eclodiu a crise financeira global.<\/p>\n\n\n\n<p>A confian\u00e7a do consumidor brasileiro tamb\u00e9m registrou forte recuo em mar\u00e7o, atingindo 82, o menor patamar da s\u00e9rie desde janeiro de 2017, quando o pa\u00eds come\u00e7ava a sair da recess\u00e3o.<\/p>\n","protected":false},"excerpt":{"rendered":"<p>O per\u00edodo de dez anos que se encerra em 2020 poder\u00e1 registrar a maior queda da renda per capita da hist\u00f3ria republicana do pa\u00eds, superando&hellip; <\/p>\n","protected":false},"author":2,"featured_media":12199,"comment_status":"closed","ping_status":"closed","sticky":false,"template":"","format":"standard","meta":{"sfsi_plus_gutenberg_text_before_share":"","sfsi_plus_gutenberg_show_text_before_share":"","sfsi_plus_gutenberg_icon_type":"","sfsi_plus_gutenberg_icon_alignemt":"","sfsi_plus_gutenburg_max_per_row":"","footnotes":""},"categories":[11],"tags":[],"class_list":["post-162478","post","type-post","status-publish","format-standard","has-post-thumbnail","hentry","category-politica"],"_links":{"self":[{"href":"https:\/\/www.caririemacao.com\/1\/wp-json\/wp\/v2\/posts\/162478","targetHints":{"allow":["GET"]}}],"collection":[{"href":"https:\/\/www.caririemacao.com\/1\/wp-json\/wp\/v2\/posts"}],"about":[{"href":"https:\/\/www.caririemacao.com\/1\/wp-json\/wp\/v2\/types\/post"}],"author":[{"embeddable":true,"href":"https:\/\/www.caririemacao.com\/1\/wp-json\/wp\/v2\/users\/2"}],"replies":[{"embeddable":true,"href":"https:\/\/www.caririemacao.com\/1\/wp-json\/wp\/v2\/comments?post=162478"}],"version-history":[{"count":1,"href":"https:\/\/www.caririemacao.com\/1\/wp-json\/wp\/v2\/posts\/162478\/revisions"}],"predecessor-version":[{"id":162480,"href":"https:\/\/www.caririemacao.com\/1\/wp-json\/wp\/v2\/posts\/162478\/revisions\/162480"}],"wp:featuredmedia":[{"embeddable":true,"href":"https:\/\/www.caririemacao.com\/1\/wp-json\/wp\/v2\/media\/12199"}],"wp:attachment":[{"href":"https:\/\/www.caririemacao.com\/1\/wp-json\/wp\/v2\/media?parent=162478"}],"wp:term":[{"taxonomy":"category","embeddable":true,"href":"https:\/\/www.caririemacao.com\/1\/wp-json\/wp\/v2\/categories?post=162478"},{"taxonomy":"post_tag","embeddable":true,"href":"https:\/\/www.caririemacao.com\/1\/wp-json\/wp\/v2\/tags?post=162478"}],"curies":[{"name":"wp","href":"https:\/\/api.w.org\/{rel}","templated":true}]}}