{"id":162483,"date":"2020-04-06T13:05:13","date_gmt":"2020-04-06T16:05:13","guid":{"rendered":"http:\/\/www.caririemacao.com\/1\/?p=162483"},"modified":"2020-04-06T13:05:14","modified_gmt":"2020-04-06T16:05:14","slug":"caixa-economica-divulga-calendario-para-pagar-auxilio-de-r-600-nesta-segunda","status":"publish","type":"post","link":"https:\/\/www.caririemacao.com\/1\/2020\/04\/06\/caixa-economica-divulga-calendario-para-pagar-auxilio-de-r-600-nesta-segunda\/","title":{"rendered":"Caixa Econ\u00f4mica divulga calend\u00e1rio para pagar aux\u00edlio de R$ 600 nesta segunda"},"content":{"rendered":"\n<p><br>A Caixa Econ\u00f4mica Federal vai divulgar nesta segunda-feira (6) os procedimentos e o calend\u00e1rio de pagamentos do aux\u00edlio emergencial de R$ 600 mensais. Aplicativo que estar\u00e1 dispon\u00edvel na ter\u00e7a-feira (7) dever\u00e1 viabilizar o cadastro e o pagamento para os trabalhadores informais, aut\u00f4nomos e microempreendedores que n\u00e3o est\u00e3o registrados em nenhuma base de dados do governo federal.<\/p>\n\n\n\n<p>Para quem n\u00e3o sabe se est\u00e1 no Cadastro \u00danico para programas sociais, o aplicativo tamb\u00e9m servir\u00e1 como consulta, bastando colocar o n\u00famero do CPF.<\/p>\n\n\n\n<p>O acesso ser\u00e1 pelo celular ou pelo computador para a realiza\u00e7\u00e3o da chamada &#8220;autodeclara\u00e7\u00e3o&#8221;. O pr\u00f3prio aplicativo avaliar\u00e1 se o trabalhador cumpre os cerca de dez requisitos exigidos pela lei para o recebimento da renda emergencial.<\/p>\n\n\n\n<p>O pagamento poder\u00e1 ser feito em at\u00e9 48 horas depois que a Caixa receber os dados dos benefici\u00e1rios. Quem n\u00e3o tem conta em bancos poder\u00e1 retirar o benef\u00edcio em casas lot\u00e9ricas.<\/p>\n\n\n\n<p><strong>Bolsa Fam\u00edlia &#8211;&nbsp;<\/strong>Benefici\u00e1rios do Bolsa Fam\u00edlia n\u00e3o precisam se inscrever no aplicativo. Eles j\u00e1 est\u00e3o inscritos na base de dados e poder\u00e3o, entre os dias 16 e 30, escolher se receber\u00e3o o Bolsa Fam\u00edlia ou a renda emergencial, optando pelo valor mais vantajoso<\/p>\n\n\n\n<p>A Caixa tamb\u00e9m lan\u00e7ar\u00e1 outro aplicativo, exclusivo para o pagamento da renda emergencial. O benef\u00edcio ser\u00e1 depositado em contas poupan\u00e7a digitais, autorizadas recentemente pelo Conselho Monet\u00e1rio Nacional, e poder\u00e1 ser transferido para qualquer conta banc\u00e1ria sem custos.<\/p>\n\n\n\n<p>Apelidado de &#8220;coronavoucher&#8221;, o pagamento ser\u00e1 feito durante tr\u00eas meses para diminuir os impactos da pandemia de coronav\u00edrus na popula\u00e7\u00e3o de renda baixa. A ajuda inclui tamb\u00e9m idosos e pessoas com defici\u00eancia na fila do INSS para receber o BPC (Benef\u00edcio de Presta\u00e7\u00e3o Continuada), e m\u00e3es que s\u00e3o chefe de fam\u00edlia (fam\u00edlia monoparental).<br><\/p>\n\n\n\n<p>Para receber o aux\u00edlio, o trabalhador n\u00e3o pode ter aposentadoria, seguro-desemprego ou ser benefici\u00e1rio de outra ajuda do governo. Tamb\u00e9m n\u00e3o pode fazer parte de programa de transfer\u00eancia de renda federal, com exce\u00e7\u00e3o do Bolsa Fam\u00edlia.<\/p>\n\n\n\n<p>Segundo o projeto, at\u00e9 dois membros da fam\u00edlia ter\u00e3o direito ao aux\u00edlio. Se um deles receber o Bolsa Fam\u00edlia, ter\u00e1 que optar pelo benef\u00edcio que for mais vantajoso.<\/p>\n\n\n\n<p><strong>Quem tem direito ao benef\u00edcio:<\/strong>&nbsp; &nbsp; &nbsp; &nbsp; &nbsp;&nbsp;<\/p>\n\n\n\n<ul class=\"wp-block-list\"><li>Trabalhador informal, microempreendedores individuais (MEIs), trabalhadores que contribuem com a Previd\u00eancia Social como aut\u00f4nomos e trabalhador com&nbsp; contrato intermitente que estiver inativo.<\/li><li>Pessoas com defici\u00eancia e idosos candidatos a receber o BPC (Benef\u00edcio de Presta\u00e7\u00e3o Continuada).<\/li><li>M\u00e3es chefes de fam\u00edlia (sem marido ou companheiro).<\/li><\/ul>\n\n\n\n<p><strong>Quanto cada fam\u00edlia vai receber:<\/strong>&nbsp; &nbsp; &nbsp; &nbsp; &nbsp; &nbsp; &nbsp; &nbsp;<br><\/p>\n\n\n\n<ul class=\"wp-block-list\"><li>O benef\u00edcio \u00e9 de R$ 600 e limitado a duas pessoas de uma mesma fam\u00edlia.<\/li><li>A m\u00e3e chefe de fam\u00edlia (sem marido ou companheiro) tem direito a duas cotas do aux\u00edlio, no total de R$ 1,2 mil.<\/li><li>Duas pessoas de uma mesma fam\u00edlia podem acumular benef\u00edcios: um do aux\u00edlio emergencial de R$ 600 e um do Bolsa Fam\u00edlia.<\/li><li>Quem receber o Bolsa Fam\u00edlia e se encaixar no crit\u00e9rio do benef\u00edcio emergencial, vai receber o que for maior.<\/li><\/ul>\n\n\n\n<p><strong>Os requisitos para receber o benef\u00edcio:<\/strong>&nbsp; &nbsp; &nbsp; &nbsp; &nbsp; &nbsp;&nbsp;<br><\/p>\n\n\n\n<ul class=\"wp-block-list\"><li>Ser maior de 18 anos de idade.<\/li><li>N\u00e3o ter emprego formal.<\/li><li>N\u00e3o receber benef\u00edcio previdenci\u00e1rio ou assistencial, seguro-desemprego ou de outro programa de transfer\u00eancia de renda federal, com exce\u00e7\u00e3o do Bolsa Fam\u00edlia.<\/li><li>Renda familiar mensal per capita (por pessoa) de at\u00e9 meio sal\u00e1rio m\u00ednimo (R$ 522,50) ou renda familiar mensal total (tudo o que a fam\u00edlia recebe) de at\u00e9 tr\u00eas sal\u00e1rios m\u00ednimos (R$ 3.135,00).<\/li><li>N\u00e3o ter recebido rendimentos tribut\u00e1veis, no ano de 2018, acima de R$ 28.559,70.<\/li><\/ul>\n\n\n\n<p><strong>O interessado dever\u00e1 cumprir uma dessas condi\u00e7\u00f5es:&nbsp;<\/strong>&nbsp;&nbsp; &nbsp; &nbsp; &nbsp; &nbsp; &nbsp;&nbsp;<br><\/p>\n\n\n\n<ul class=\"wp-block-list\"><li>Exercer atividade na condi\u00e7\u00e3o de microempreendedor individual (MEI).<\/li><li>Ser contribuinte individual ou facultativo do Regime Geral de Previd\u00eancia Social (RGPS).<\/li><li>Ser trabalhador informal inscrito no Cadastro \u00danico para Programas Sociais do Governo Federal (Cad\u00danico).<\/li><li>Ou ter cumprido o requisito de renda m\u00e9dia at\u00e9 20 de mar\u00e7o de 2020.<\/li><li>Tamb\u00e9m ser\u00e1 poss\u00edvel preencher uma autodeclara\u00e7\u00e3o a ser disponibilizada pelo aplicativo da Caixa.<\/li><\/ul>\n\n\n\n<p><strong>Como ser\u00e1 o pagamento:&nbsp;&nbsp;<\/strong>&nbsp; &nbsp; &nbsp; &nbsp; &nbsp; &nbsp;<br><\/p>\n\n\n\n<ul class=\"wp-block-list\"><li>O aux\u00edlio emergencial ser\u00e1 pago por bancos p\u00fablicos federais por meio de uma conta do tipo poupan\u00e7a social digital.<\/li><li>Essa conta ser\u00e1 aberta automaticamente em nome dos benefici\u00e1rios, com dispensa da apresenta\u00e7\u00e3o de documentos e isen\u00e7\u00e3o de tarifas de manuten\u00e7\u00e3o.<\/li><li>A pessoa poder\u00e1 fazer ao menos uma transfer\u00eancia eletr\u00f4nica de dinheiro por m\u00eas, sem custos.<\/li><li>A conta pode ser a mesma j\u00e1 usada para pagar recursos de programas sociais governamentais, como PIS\/Pasep e FGTS.<\/li><li>Os bancos s\u00e3o Banco do Brasil, Caixa Econ\u00f4mica Federal, Banco da Amaz\u00f4nia e Banco do Nordeste. Tamb\u00e9m podem ser utilizadas para o pagamento ag\u00eancias lot\u00e9ricas e ag\u00eancias dos Correios.<\/li><\/ul>\n","protected":false},"excerpt":{"rendered":"<p>A Caixa Econ\u00f4mica Federal vai divulgar nesta segunda-feira (6) os procedimentos e o calend\u00e1rio de pagamentos do aux\u00edlio emergencial de R$ 600 mensais. Aplicativo que&hellip; <\/p>\n","protected":false},"author":2,"featured_media":36550,"comment_status":"closed","ping_status":"closed","sticky":false,"template":"","format":"standard","meta":{"sfsi_plus_gutenberg_text_before_share":"","sfsi_plus_gutenberg_show_text_before_share":"","sfsi_plus_gutenberg_icon_type":"","sfsi_plus_gutenberg_icon_alignemt":"","sfsi_plus_gutenburg_max_per_row":"","footnotes":""},"categories":[2],"tags":[],"class_list":["post-162483","post","type-post","status-publish","format-standard","has-post-thumbnail","hentry","category-geral"],"_links":{"self":[{"href":"https:\/\/www.caririemacao.com\/1\/wp-json\/wp\/v2\/posts\/162483","targetHints":{"allow":["GET"]}}],"collection":[{"href":"https:\/\/www.caririemacao.com\/1\/wp-json\/wp\/v2\/posts"}],"about":[{"href":"https:\/\/www.caririemacao.com\/1\/wp-json\/wp\/v2\/types\/post"}],"author":[{"embeddable":true,"href":"https:\/\/www.caririemacao.com\/1\/wp-json\/wp\/v2\/users\/2"}],"replies":[{"embeddable":true,"href":"https:\/\/www.caririemacao.com\/1\/wp-json\/wp\/v2\/comments?post=162483"}],"version-history":[{"count":1,"href":"https:\/\/www.caririemacao.com\/1\/wp-json\/wp\/v2\/posts\/162483\/revisions"}],"predecessor-version":[{"id":162486,"href":"https:\/\/www.caririemacao.com\/1\/wp-json\/wp\/v2\/posts\/162483\/revisions\/162486"}],"wp:featuredmedia":[{"embeddable":true,"href":"https:\/\/www.caririemacao.com\/1\/wp-json\/wp\/v2\/media\/36550"}],"wp:attachment":[{"href":"https:\/\/www.caririemacao.com\/1\/wp-json\/wp\/v2\/media?parent=162483"}],"wp:term":[{"taxonomy":"category","embeddable":true,"href":"https:\/\/www.caririemacao.com\/1\/wp-json\/wp\/v2\/categories?post=162483"},{"taxonomy":"post_tag","embeddable":true,"href":"https:\/\/www.caririemacao.com\/1\/wp-json\/wp\/v2\/tags?post=162483"}],"curies":[{"name":"wp","href":"https:\/\/api.w.org\/{rel}","templated":true}]}}