{"id":162487,"date":"2020-04-06T13:08:27","date_gmt":"2020-04-06T16:08:27","guid":{"rendered":"http:\/\/www.caririemacao.com\/1\/?p=162487"},"modified":"2020-04-06T13:08:28","modified_gmt":"2020-04-06T16:08:28","slug":"paraiba-tem-quase-26-de-pessoas-recuperadas-apos-infeccao-pelo-novo-coronavirus","status":"publish","type":"post","link":"https:\/\/www.caririemacao.com\/1\/2020\/04\/06\/paraiba-tem-quase-26-de-pessoas-recuperadas-apos-infeccao-pelo-novo-coronavirus\/","title":{"rendered":"Para\u00edba tem quase 26% de pessoas recuperadas ap\u00f3s infec\u00e7\u00e3o pelo novo coronav\u00edrus"},"content":{"rendered":"\n<p>Dos 35 infectados por coronav\u00edrus na Para\u00edba, 9 j\u00e1 se recuperaram, segundo dados da Secretaria de Estado da Sa\u00fade divulgados at\u00e9 a noite desse domingo (5). Isso representa 25,7% do total de pessoas infectadas.<\/p>\n\n\n\n<p>H\u00e1 18 pessoas com Covid-19 em isolamento domiciliar. Eles representam 51,4% dos que tiveram cont\u00e1gio. Outras tr\u00eas est\u00e3o hospitalizadas, 8,5%.<\/p>\n\n\n\n<p>J\u00e1 a porcentagem de mortes na Para\u00edba, at\u00e9 agora, pelo novo coronav\u00edrus \u00e9 de&nbsp;11%. S\u00e3o 4 \u00f3bitos confirmados at\u00e9 a metade da manh\u00e3 desta segunda-feira (6). A SES investiga 13 mortes para saber se essas pessoas tamb\u00e9m estavam infectadas pela Covid-19.<\/p>\n\n\n\n<p>Em um caso, a Secretaria de Sa\u00fade de Campina Grande n\u00e3o informou \u00e0 Secretaria de Estado da Sa\u00fade qual o estado da pessoa infectada.<\/p>\n\n\n\n<p>At\u00e9 o mais recente boletim divulgado pela Secretaria de Sa\u00fade, a Para\u00edba tinha 4 mortes confirmadas de cont\u00e1gio pelo novo coronav\u00edrus. O total de infectados no estado era de 35 e j\u00e1 foram descartados 563 casos suspeitos.<\/p>\n\n\n\n<p>Entre as mortes confirmadas por coronav\u00edrus, est\u00e3o os seguintes:<\/p>\n\n\n\n<ul class=\"wp-block-list\"><li>um homem de Patos, Danilo Andrade, de 36 anos, que tinha diabetes e estava internado na UTI do Hospital Clementino Fraga, onde chegou no dia 26 ap\u00f3s ser transferido do Sert\u00e3o para o Litoral. Ele foi diagnosticado com Covid-19 no dia 30 e morreu no dia 31 de mar\u00e7o;<\/li><li>a segunda morte aconteceu no s\u00e1bado (4) e trata-se de uma idosa de 86 anos, de Junco do Serid\u00f3. Ela estava internada na UTI e tinha glaucoma, diabates e meningioma. Ela apresentou sintomas no dia 25 de mar\u00e7o e foi hospitalizada no dia 1\u00ba de abril. Morreu durante transfer\u00eancia para Jo\u00e3o Pessoa;<\/li><li>o terceiro caso confirmado de morte por Covid-19 foi do gerente de uma rede de supermercados da Capital. Ele tinha 43 anos, apresentou sintomas em 28 de mar\u00e7o, foi internado em 1\u00ba de abril e morreu no s\u00e1bado;<\/li><li>o quarto caso foi confirmado neste domingo (5). Uma mulher de 88 anos veio a \u00f3bito na noite do s\u00e1bado ap\u00f3s interna\u00e7\u00e3o em UTI de hospital particular. O diagn\u00f3stico dela de cont\u00e1gio pelo novo coronav\u00edrus foi confirmado no dia 2 de abril.<\/li><\/ul>\n","protected":false},"excerpt":{"rendered":"<p>Dos 35 infectados por coronav\u00edrus na Para\u00edba, 9 j\u00e1 se recuperaram, segundo dados da Secretaria de Estado da Sa\u00fade divulgados at\u00e9 a noite desse domingo&hellip; <\/p>\n","protected":false},"author":2,"featured_media":162490,"comment_status":"closed","ping_status":"closed","sticky":false,"template":"","format":"standard","meta":{"sfsi_plus_gutenberg_text_before_share":"","sfsi_plus_gutenberg_show_text_before_share":"","sfsi_plus_gutenberg_icon_type":"","sfsi_plus_gutenberg_icon_alignemt":"","sfsi_plus_gutenburg_max_per_row":"","footnotes":""},"categories":[16],"tags":[],"class_list":["post-162487","post","type-post","status-publish","format-standard","has-post-thumbnail","hentry","category-saude"],"_links":{"self":[{"href":"https:\/\/www.caririemacao.com\/1\/wp-json\/wp\/v2\/posts\/162487","targetHints":{"allow":["GET"]}}],"collection":[{"href":"https:\/\/www.caririemacao.com\/1\/wp-json\/wp\/v2\/posts"}],"about":[{"href":"https:\/\/www.caririemacao.com\/1\/wp-json\/wp\/v2\/types\/post"}],"author":[{"embeddable":true,"href":"https:\/\/www.caririemacao.com\/1\/wp-json\/wp\/v2\/users\/2"}],"replies":[{"embeddable":true,"href":"https:\/\/www.caririemacao.com\/1\/wp-json\/wp\/v2\/comments?post=162487"}],"version-history":[{"count":1,"href":"https:\/\/www.caririemacao.com\/1\/wp-json\/wp\/v2\/posts\/162487\/revisions"}],"predecessor-version":[{"id":162491,"href":"https:\/\/www.caririemacao.com\/1\/wp-json\/wp\/v2\/posts\/162487\/revisions\/162491"}],"wp:featuredmedia":[{"embeddable":true,"href":"https:\/\/www.caririemacao.com\/1\/wp-json\/wp\/v2\/media\/162490"}],"wp:attachment":[{"href":"https:\/\/www.caririemacao.com\/1\/wp-json\/wp\/v2\/media?parent=162487"}],"wp:term":[{"taxonomy":"category","embeddable":true,"href":"https:\/\/www.caririemacao.com\/1\/wp-json\/wp\/v2\/categories?post=162487"},{"taxonomy":"post_tag","embeddable":true,"href":"https:\/\/www.caririemacao.com\/1\/wp-json\/wp\/v2\/tags?post=162487"}],"curies":[{"name":"wp","href":"https:\/\/api.w.org\/{rel}","templated":true}]}}